{"id":39932,"date":"2022-04-13T08:15:48","date_gmt":"2022-04-13T13:15:48","guid":{"rendered":"http:\/\/www.zonaroja.com.mx\/?p=39932"},"modified":"2022-04-13T08:15:49","modified_gmt":"2022-04-13T13:15:49","slug":"opinion-ademas-de-los-arboles-oaxaca-capital-se-nos-cae-a-pedazos","status":"publish","type":"post","link":"https:\/\/zonaroja.com.mx\/?p=39932","title":{"rendered":"Opini\u00f3n. Adem\u00e1s de los \u00e1rboles, Oaxaca capital se nos cae a pedazos"},"content":{"rendered":"\n<p>Adri\u00e1n Ortiz Romero Cuevas<\/p>\n\n\n\n<p>No&nbsp;s\u00f3lo son los&nbsp;\u00e1rboles centenarios&nbsp;los que&nbsp;caen sin remedio ante cada&nbsp;ventarr\u00f3n o tormenta:&nbsp;la&nbsp;capital oaxaque\u00f1a,&nbsp;entera,&nbsp;se&nbsp;nos cae a pedazos&nbsp;ante la apat\u00eda y la incapacidad de la autoridad de proveer respuestas asequibles a las necesidades de la ciudad.&nbsp;\u00bfDe&nbsp;qu\u00e9 hablamos?&nbsp;De&nbsp;que&nbsp;nada parece lograr detener el acelerado deterioro&nbsp;del espacio p\u00fablico, y que&nbsp;los gobiernos lejos de&nbsp;proveer respuestas parecen vencidos ante la realidad&nbsp;y sus circunstancias adversas.<\/p>\n\n\n\n<p>En&nbsp;efecto,&nbsp;hace algunos d\u00edas vimos caer uno m\u00e1s de los&nbsp;\u00e1rboles notables que poblaban el paisaje citadino.&nbsp;En&nbsp;el Paseo Ju\u00e1rez,&nbsp;hist\u00f3ricamente conocido como El Llano de Guadalupe&nbsp;\u2014por&nbsp;ser el&nbsp;espacio abierto contiguo al atrio del templo que lleva ese nombre\u2014,&nbsp;cay\u00f3 un&nbsp;fresno&nbsp;cuya plantaci\u00f3n se atribuye al general\u00edsimo don Jos\u00e9 Mar\u00eda Morelos y&nbsp;Pav\u00f3n, durante su estancia en Oaxaca&nbsp;alrededor&nbsp;de&nbsp;1813.&nbsp;<\/p>\n\n\n\n<p>Previo&nbsp;a ello, hace algunos meses cay\u00f3 otro&nbsp;\u00e1rbol emblem\u00e1tico&nbsp;para la historia de la ciudad, ubicado en la actual Calzada de la Rep\u00fablica, en un espacio adyacente&nbsp;a la calle de Los Libres y el barrio de Jalatlaco.&nbsp;Su&nbsp;plantaci\u00f3n se atribuye al general&nbsp;Guadalupe&nbsp;Victoria,&nbsp;quien a la postre se convertir\u00eda en el&nbsp;primer presidente de M\u00e9xico, en conmemoraci\u00f3n a que en ese sitio ocurri\u00f3 aquel episodio en el que&nbsp;lanz\u00f3 su espada&nbsp;\u201cen prenda\u201d&nbsp;al otro extremo del entonces crecido r\u00edo Jalatlaco, durante una batalla con el ej\u00e9rcito realista,&nbsp;en&nbsp;tiempos de la&nbsp;Guerra de&nbsp;Independencia.&nbsp;<\/p>\n\n\n\n<p>El&nbsp;periodista&nbsp;Renato&nbsp;Galicia&nbsp;Miguel recuerda,&nbsp;en un texto publicado en&nbsp;el portal&nbsp;Oaxaca.Media,&nbsp;que existe un tercer&nbsp;\u00e1rbol notable&nbsp;por ese rumbo,&nbsp;ubicado&nbsp;en el mismo Llano, pero en la esquina noreste del parque, exactamente en el l\u00edmite con la calle Pino&nbsp;Su\u00e1rez,&nbsp;tambi\u00e9n&nbsp;atribuido al general Morelos.<\/p>\n\n\n\n<p>Al&nbsp;igual que&nbsp;el fresno&nbsp;de Morelos y el higo de Guadalupe Victoria&nbsp;\u2014que hoy&nbsp;ya son&nbsp;s\u00f3lo un recuerdo\u2014,&nbsp;pareciera irremediable que en alg\u00fan momento&nbsp;\u2014con la lluvia o el ventarr\u00f3n de cualquier d\u00eda\u2014&nbsp;dicho&nbsp;\u00e1rbol corra la misma suerte que los anteriores,&nbsp;igual que&nbsp;como ha ocurrido&nbsp;ya con la mayor\u00eda de los&nbsp;\u00e1rboles centenarios&nbsp;que estuvieron en el z\u00f3calo citadino.&nbsp;<\/p>\n\n\n\n<p>\u00bfLa raz\u00f3n?&nbsp;Por&nbsp;un lado,&nbsp;el&nbsp;paso irremediable del&nbsp;tiempo; pero sobre todo,&nbsp;por el abandono y la indolencia de las autoridades municipales, estatales y federales por considerar la importancia&nbsp;no s\u00f3lo de esos&nbsp;\u00e1rboles notables, sino de todoel arbolado que se encuentra en el espacio urbano de la capital oaxaque\u00f1a.&nbsp;Incluso&nbsp;no s\u00f3lo como una cuesti\u00f3n de&nbsp;preservaci\u00f3n, sino como de seguridad para las personas.<\/p>\n\n\n\n<p>Hasta&nbsp;ahora, a ninguno de los tres&nbsp;\u00e1mbitos de gobierno&nbsp;\u2014al&nbsp;gobierno que&nbsp;preside el edil citadino&nbsp;Francisco&nbsp;Mart\u00ednez Neri; a la administraci\u00f3n estatal que&nbsp;encabeza el gobernador Alejandro Murat; y qu\u00e9 decir&nbsp;al gobierno federal, que ha mostrado no s\u00f3lo desinter\u00e9s sino hasta desprecio por la gran mayor\u00eda de las expresiones&nbsp;culturales, tangibles e&nbsp;intangibles,&nbsp;en el&nbsp;pa\u00eds\u2014&nbsp;se le ha ocurrido emprender acciones para la preservaci\u00f3n del arbolado y la seguridad de los oaxaque\u00f1os.<\/p>\n\n\n\n<p>No&nbsp;se les ha ocurrido, por ejemplo,&nbsp;constituir una comisi\u00f3n t\u00e9cnica&nbsp;integrada por&nbsp;expertos \u2014ingenieros agr\u00f3nomos,&nbsp;forestales&nbsp;o&nbsp;bot\u00e1nicos\u2014&nbsp;que&nbsp;diagnosticaran&nbsp;con precisi\u00f3n&nbsp;el estado de salud&nbsp;del arbolado citadino, y recomendar&nbsp;\u2014y poner en marcha\u2014&nbsp;acciones para preservarlos, rescatarlos o, en su caso, talarlos.<\/p>\n\n\n\n<p>\u00bfQu\u00e9 pasa?&nbsp;Que&nbsp;gracias a los falsos ambientalistas&nbsp;\u2014esos&nbsp;que se preocupan por la vegetaci\u00f3n s\u00f3lo cuando intentan negociar prebendas con el gobierno, a cambio de su&nbsp;\u201canuencia\u201d&nbsp;para la realizaci\u00f3n de una&nbsp;obra\u2014,&nbsp;los tres&nbsp;\u00e1mbitos de gobierno prefieren&nbsp;mirar&nbsp;hacia&nbsp;otro lado&nbsp;y no reconocer que esas&nbsp;son acciones urgentes para la capital.&nbsp;Est\u00e1 por un lado&nbsp;la propia conservaci\u00f3n de los&nbsp;\u00e1rboles, que son parte del paisaje urbano&nbsp;y de la riqueza hist\u00f3rica de la capital; pero sobre todo, est\u00e1 el hecho de prevenir&nbsp;que&nbsp;ocurran m\u00e1s incidentes ante la pasividad general: cada&nbsp;\u00e1rbol que cae constituye un riesgo para la&nbsp;vida,&nbsp;la integridad y el patrimonio de los oaxaque\u00f1os.&nbsp;<\/p>\n\n\n\n<p>\u00bfQu\u00e9 habr\u00eda pasado si al interior del veh\u00edculo que destruy\u00f3 el&nbsp;llamado&nbsp;fresno&nbsp;de Morelos&nbsp;al caer, hubiera habido pasajeros? \u00bfA nadie le importa que eso ocurri\u00f3 en un parque cotidianamente visitado por&nbsp;cientos de&nbsp;corredores, ni\u00f1os y adultos mayores?&nbsp;\u00bfHay que&nbsp;esperar a que verdaderamente ocurra una tragedia para tomar conciencia, y medidas?Indistintamente,&nbsp;los tres&nbsp;\u00f3rdenes de gobierno tienen la palabra.<\/p>\n\n\n\n<p>LA&nbsp;CIUDAD, EN EL ABANDONO&nbsp;<\/p>\n\n\n\n<p>Oaxaca, pareciera, les es indolente.&nbsp;No le duele a la autoridad verla en el estado en&nbsp;que se encuentra.&nbsp;Una&nbsp;ciudad atestada de baches, de grafitis&nbsp;y de paredes torturadas no s\u00f3lo por las pintas sino sobre todo por el abandono.&nbsp;Calles&nbsp;c\u00e9ntricas que&nbsp;durante el d\u00eda est\u00e1n invadidas por el ambulantaje, y&nbsp;en las noches por la oscuridad.&nbsp;Espacios&nbsp;por los que antes se pod\u00eda&nbsp;caminar y hoy son blanco impune de l\u00edderes sociales que venden&nbsp;y concesionan&nbsp;la v\u00eda p\u00fablica&nbsp;como si ellos fueran la autoridad.&nbsp;Un&nbsp;z\u00f3calo&nbsp;citadino&nbsp;que en otros tiempos fue&nbsp;considerado como&nbsp;una&nbsp;de las&nbsp;plazas p\u00fablicas m\u00e1s bellas&nbsp;del mundo,&nbsp;pero que hoy&nbsp;es&nbsp;reh\u00e9n de la protesta social que enmascara el jugoso negocio del comercio informal.&nbsp;Del&nbsp;Palacio de Gobierno&nbsp;ya mejor ni hablamos.<\/p>\n\n\n\n<p>A&nbsp;esto habr\u00e1 que agregarle un paisaje cotidiano de&nbsp;marchas y bloqueos por doquier.&nbsp;Da&nbsp;lo mismo que sea&nbsp;un grupo de lucha social, que los&nbsp;habitantes de alguna comunidad ind\u00edgena,&nbsp;o&nbsp;los profesores&nbsp;y&nbsp;los normalistas que desde hace a\u00f1os nos arrebataron a los&nbsp;ciudadanos todo un per\u00edmetro del Centro Hist\u00f3rico en el que&nbsp;ellos mandan, protestan, se disputan y hasta utilizan como estacionamiento&nbsp;de cobro,&nbsp;como central camionera&nbsp;para sus propias l\u00edneas de autobuses,&nbsp;o como lugar de pernocta&nbsp;en sustituci\u00f3n de lo que antes era conocido como Hotel del Magisterio en Divisi\u00f3n Oriente.<\/p>\n\n\n\n<p>A&nbsp;nadie le duele&nbsp;Oaxaca.&nbsp;No le duele&nbsp;a los encargados de la gobernabilidad,&nbsp;quiz\u00e1&nbsp;porque ni nacieron ni crecieron en esta tierra,&nbsp;y tampoco les importa su destino.&nbsp;Les&nbsp;dej\u00f3 de importar&nbsp;tambi\u00e9n&nbsp;el enojo de la ciudadan\u00eda;&nbsp;y&nbsp;\u00e9sta, derrotada, hoy prefiere&nbsp;normalizar&nbsp;el hecho de vivir en una ciudad invadida&nbsp;por el ambulantaje, por la lucha social y por la&nbsp;indiferencia&nbsp;de la autoridad.&nbsp;En&nbsp;una ciudad sucia, oscura, insegura, pintarrajeada y vulnerada en todos sus&nbsp;flancos.&nbsp;Ya&nbsp;nadie&nbsp;le preocupa procurarle una mano de pintura a las fachadas; poner&nbsp;un poco de orden en las vialidades;&nbsp;o&nbsp;impulsar&nbsp;acciones para&nbsp;que el espacio p\u00fablico&nbsp;vuelva a ser de los oaxaque\u00f1os,&nbsp;y no de los&nbsp;normalistas, o de los&nbsp;l\u00edderes del ambulantaje, o de cualquiera a quien se le ocurra tomar las calles.&nbsp;<\/p>\n\n\n\n<p>\u00bfEsto tiene soluci\u00f3n?&nbsp;Quiz\u00e1 s\u00ed.&nbsp;Cuando&nbsp;tengamos&nbsp;gobernantes&nbsp;m\u00e1s preocupados por sus funciones que por las frivolidades&nbsp;o los intereses partidistas&nbsp;en que se pierden actualmente.<\/p>\n\n\n\n<p>EPITAFIO&nbsp;<\/p>\n\n\n\n<p>Qu\u00e9 paradoja:&nbsp;hoy reina la apat\u00eda; pero&nbsp;el conflicto&nbsp;del&nbsp;2006 comenz\u00f3&nbsp;un a\u00f1o antes,&nbsp;el d\u00eda en que, por las obras de remodelaci\u00f3n que&nbsp;arbitrariamente&nbsp;emprendi\u00f3 Ulises Ruiz en el z\u00f3calo, se cay\u00f3 uno de los&nbsp;\u00e1rboles centenarios ubicados frente a&nbsp;Palacio de Gobierno.&nbsp;<\/p>\n\n\n\n<p>http:\/\/columnaalmargen.mx<\/p>\n\n\n\n<p>@columnaalmargen<\/p>\n\n\n\n<p>@ortizromeroc<\/p>\n","protected":false},"excerpt":{"rendered":"<p>Adri\u00e1n Ortiz Romero Cuevas No&nbsp;s\u00f3lo son los&nbsp;\u00e1rboles centenarios&nbsp;los que&nbsp;caen sin remedio ante cada&nbsp;ventarr\u00f3n o tormenta:&nbsp;la&nbsp;capital&hellip;<\/p>\n","protected":false},"author":2,"featured_media":36612,"comment_status":"closed","ping_status":"open","sticky":false,"template":"","format":"standard","meta":{"_lmt_disableupdate":"","_lmt_disable":"","_jetpack_memberships_contains_paid_content":false,"footnotes":""},"categories":[456,109],"tags":[2994],"class_list":["post-39932","post","type-post","status-publish","format-standard","has-post-thumbnail","hentry","category-columna","category-minuto-a-minuto","tag-adrian-ortiz-romero-cuevas"],"jetpack_featured_media_url":"https:\/\/zonaroja.com.mx\/wp-content\/uploads\/2022\/01\/Adrian-Ortiz-Romero.jpg","jetpack_sharing_enabled":true,"_links":{"self":[{"href":"https:\/\/zonaroja.com.mx\/index.php?rest_route=\/wp\/v2\/posts\/39932","targetHints":{"allow":["GET"]}}],"collection":[{"href":"https:\/\/zonaroja.com.mx\/index.php?rest_route=\/wp\/v2\/posts"}],"about":[{"href":"https:\/\/zonaroja.com.mx\/index.php?rest_route=\/wp\/v2\/types\/post"}],"author":[{"embeddable":true,"href":"https:\/\/zonaroja.com.mx\/index.php?rest_route=\/wp\/v2\/users\/2"}],"replies":[{"embeddable":true,"href":"https:\/\/zonaroja.com.mx\/index.php?rest_route=%2Fwp%2Fv2%2Fcomments&post=39932"}],"version-history":[{"count":1,"href":"https:\/\/zonaroja.com.mx\/index.php?rest_route=\/wp\/v2\/posts\/39932\/revisions"}],"predecessor-version":[{"id":39933,"href":"https:\/\/zonaroja.com.mx\/index.php?rest_route=\/wp\/v2\/posts\/39932\/revisions\/39933"}],"wp:featuredmedia":[{"embeddable":true,"href":"https:\/\/zonaroja.com.mx\/index.php?rest_route=\/wp\/v2\/media\/36612"}],"wp:attachment":[{"href":"https:\/\/zonaroja.com.mx\/index.php?rest_route=%2Fwp%2Fv2%2Fmedia&parent=39932"}],"wp:term":[{"taxonomy":"category","embeddable":true,"href":"https:\/\/zonaroja.com.mx\/index.php?rest_route=%2Fwp%2Fv2%2Fcategories&post=39932"},{"taxonomy":"post_tag","embeddable":true,"href":"https:\/\/zonaroja.com.mx\/index.php?rest_route=%2Fwp%2Fv2%2Ftags&post=39932"}],"curies":[{"name":"wp","href":"https:\/\/api.w.org\/{rel}","templated":true}]}}