{"id":39934,"date":"2022-04-13T08:18:29","date_gmt":"2022-04-13T13:18:29","guid":{"rendered":"http:\/\/www.zonaroja.com.mx\/?p=39934"},"modified":"2022-04-13T08:19:10","modified_gmt":"2022-04-13T13:19:10","slug":"asegura-salomon-jara-que-en-oaxaca-habra-un-nuevo-modelo-de-desarrollo-redaccion-zona-roja","status":"publish","type":"post","link":"https:\/\/zonaroja.com.mx\/?p=39934","title":{"rendered":"Asegura Salom\u00f3n Jara que en Oaxaca habr\u00e1 un nuevo modelo de desarrollo"},"content":{"rendered":"\n<p>Redacci\u00f3n\/Zona Roja.<\/p>\n\n\n\n<p>Oaxaca de Ju\u00e1rez, Oax., 13 de abril de 2022.- En su segunda semana de campa\u00f1a pol\u00edtica rumbo a la gubernatura de Oaxaca, Salom\u00f3n Jara Cruz, abanderado de la coalici\u00f3n \u201cJuntos Hacemos Historia en Oaxaca\u201d, se\u00f1al\u00f3 que con la Cuarta Transformaci\u00f3n llegar\u00e1 al estado un nuevo modelo de desarrollo econ\u00f3mico.&nbsp;<\/p>\n\n\n\n<p>Desde Santa Luc\u00eda Ocotl\u00e1n, donde estuvo con ciudadanas y ciudadanos ayer por la tarde, dijo que para lograr el bienestar de la gente, su gobierno ejercer\u00e1 el presupuesto de manera equilibrada y sostenible.<\/p>\n\n\n\n<p>Pero, continu\u00f3, tambi\u00e9n se requiere de la participaci\u00f3n de empresarios honestos y comprometidos con nuestro estado y su gente.&nbsp;<\/p>\n\n\n\n<p>\u00abNecesitamos inversi\u00f3n privada que pueda crear trabajos de calidad, con salarios dignos y suficientes, en los pueblos y comunidades\u00bb, a\u00f1adi\u00f3.&nbsp;<\/p>\n\n\n\n<p>Record\u00f3 que, en la presentaci\u00f3n del Plan de Gobierno 2022-2028, estuvieron presentes Olga Lidia Gonz\u00e1lez y a Nina Escamilla Calleja, destacadas personalidades del sector productivo y empresarial&nbsp;<\/p>\n\n\n\n<p>\u00abLa opini\u00f3n de las empresarias y los empresarios oaxaque\u00f1os de probada honestidad y rectitud, social y medio ambientalmente responsables, tambi\u00e9n ser\u00e1 tomada en cuenta y robustecer\u00e1 el plan de gobierno\u00bb , resalt\u00f3.&nbsp;<\/p>\n\n\n\n<p>\u00bb El bienestar de las personas es mi prioridad, pero esto no limita el desarrollo econ\u00f3mico y ni las actividades empresariales; no es una guerra de pobres contra ricos, se trata de que todas y todos trabajemos para sacar adelante a Oaxaca\u00bb, finaliz\u00f3.<\/p>\n","protected":false},"excerpt":{"rendered":"<p>Redacci\u00f3n\/Zona Roja. Oaxaca de Ju\u00e1rez, Oax., 13 de abril de 2022.- En su segunda semana&hellip;<\/p>\n","protected":false},"author":2,"featured_media":39920,"comment_status":"closed","ping_status":"open","sticky":false,"template":"","format":"standard","meta":{"_lmt_disableupdate":"","_lmt_disable":"","_jetpack_memberships_contains_paid_content":false,"footnotes":""},"categories":[109,46],"tags":[939],"class_list":["post-39934","post","type-post","status-publish","format-standard","has-post-thumbnail","hentry","category-minuto-a-minuto","category-zona-blanca","tag-salomon-jara-cruz"],"jetpack_featured_media_url":"https:\/\/zonaroja.com.mx\/wp-content\/uploads\/2022\/04\/Salomon-Jara-Valles-C.jpg","jetpack_sharing_enabled":true,"_links":{"self":[{"href":"https:\/\/zonaroja.com.mx\/index.php?rest_route=\/wp\/v2\/posts\/39934","targetHints":{"allow":["GET"]}}],"collection":[{"href":"https:\/\/zonaroja.com.mx\/index.php?rest_route=\/wp\/v2\/posts"}],"about":[{"href":"https:\/\/zonaroja.com.mx\/index.php?rest_route=\/wp\/v2\/types\/post"}],"author":[{"embeddable":true,"href":"https:\/\/zonaroja.com.mx\/index.php?rest_route=\/wp\/v2\/users\/2"}],"replies":[{"embeddable":true,"href":"https:\/\/zonaroja.com.mx\/index.php?rest_route=%2Fwp%2Fv2%2Fcomments&post=39934"}],"version-history":[{"count":2,"href":"https:\/\/zonaroja.com.mx\/index.php?rest_route=\/wp\/v2\/posts\/39934\/revisions"}],"predecessor-version":[{"id":39936,"href":"https:\/\/zonaroja.com.mx\/index.php?rest_route=\/wp\/v2\/posts\/39934\/revisions\/39936"}],"wp:featuredmedia":[{"embeddable":true,"href":"https:\/\/zonaroja.com.mx\/index.php?rest_route=\/wp\/v2\/media\/39920"}],"wp:attachment":[{"href":"https:\/\/zonaroja.com.mx\/index.php?rest_route=%2Fwp%2Fv2%2Fmedia&parent=39934"}],"wp:term":[{"taxonomy":"category","embeddable":true,"href":"https:\/\/zonaroja.com.mx\/index.php?rest_route=%2Fwp%2Fv2%2Fcategories&post=39934"},{"taxonomy":"post_tag","embeddable":true,"href":"https:\/\/zonaroja.com.mx\/index.php?rest_route=%2Fwp%2Fv2%2Ftags&post=39934"}],"curies":[{"name":"wp","href":"https:\/\/api.w.org\/{rel}","templated":true}]}}