{"id":39949,"date":"2022-04-13T19:35:06","date_gmt":"2022-04-14T00:35:06","guid":{"rendered":"http:\/\/www.zonaroja.com.mx\/?p=39949"},"modified":"2022-04-13T19:35:08","modified_gmt":"2022-04-14T00:35:08","slug":"cinco-legisladores-buscan-independizarse-de-fraccion-de-morena","status":"publish","type":"post","link":"https:\/\/zonaroja.com.mx\/?p=39949","title":{"rendered":"Cinco legisladores buscan independizarse de fracci\u00f3n de Morena"},"content":{"rendered":"\n<p>Redacci\u00f3n\/Zona Roja.<\/p>\n\n\n\n<p>Oaxaca de Ju\u00e1rez, Oax., 13 de abril. Cinco diputadas y diputados buscan integrar un nuevo grupo parlamentario en el Congreso del Estado de Oaxaca, el cual se constituir\u00eda bajo el nombre de Grupo Parlamentario de la Cuarta Transformaci\u00f3n, bajo lealtad a los principios del Movimiento Regeneraci\u00f3n Nacional (Morena).<\/p>\n\n\n\n<p>El nuevo grupo parlamentario ser\u00eda integrado por las y los legisladores Melina Hern\u00e1ndez Sosa, Concepci\u00f3n Rueda G\u00f3mez, Sesul Bola\u00f1os L\u00f3pez, C\u00e9sar David Mateos Ben\u00edtez y Horacio Sosa Villavicencio, y tendr\u00eda como objetivos continuar los postulados del Movimiento Regeneraci\u00f3n Nacional y el apoyo al presidente Andr\u00e9s Manuel L\u00f3pez Obrador.<\/p>\n\n\n\n<p>\u201cNos quedamos en Morena, no renunciamos ni al partido ni a los principios de nuestro movimiento, pero no podemos continuar en un grupo parlamentario que tiene una visi\u00f3n patrimonialista de la pol\u00edtica, que no compartimos\u201d, expusieron las diputadas y los diputados mediante un comunicado.<\/p>\n\n\n\n<p>De acuerdo con el acta de constituci\u00f3n, que hoy fue entregada a la Mesa Directiva del Congreso conforme lo previsto en el art\u00edculo 80 de la Ley Org\u00e1nica del Poder Legislativo del Estado, las diputadas y diputados exponen la imposibilidad de di\u00e1logo con la actual Coordinadora de Morena, Laura Estrada Mauro.<\/p>\n\n\n\n<p>Explican que al interior del Grupo Parlamentario de Morena, a estos cinco legisladores se les ha obstruido el desarrollo de sus actividades, y se les niega la informaci\u00f3n acerca de los trabajos y los acuerdos a los que se llega en la Junta de Coordinaci\u00f3n Pol\u00edtica, lo que atribuyen a la mala disposici\u00f3n de la coordinadora Laura Estrada Mauro.<\/p>\n\n\n\n<p>\u201cLa actitud d\u00e9spota de la coordinadora ha sido permanente, y es la misma que fue exhibida por la vicepresidenta de la Mesa Directiva, Yesenia Nolasco, que en la sesi\u00f3n de hoy ni siquiera dej\u00f3 hablar al compa\u00f1ero C\u00e9sar Mateos cuando ped\u00eda respetuosamente que este asunto fuese incluido en el orden del d\u00eda\u201d, dijo Horacio Sosa Villavicencio.<\/p>\n\n\n\n<p>En el acta de constituci\u00f3n se establec\u00eda que el diputado Sosa Villavicencio fue elegido como coordinador del nuevo Grupo Parlamentario.<\/p>\n\n\n\n<p>Con cinco integrantes, el Grupo Parlamentario de la Cuarta Transformaci\u00f3n se convertir\u00eda en la tercera fuerza pol\u00edtica al interior del Congreso del Estado, despu\u00e9s de Morena, que quedar\u00eda con 18 diputadas y diputados, y el PRI, con siete.<\/p>\n\n\n\n<p>En el Palacio Legislativo de San Raymundo Jalpan, Sosa Villavicencio explic\u00f3 que hoy comenzaron los tr\u00e1mites para el reconocimiento de la nueva bancada, cuya ruta legal implica que se haga del conocimiento del pleno, de manera que seguramente el proceso concluir\u00e1 al inicio del siguiente periodo ordinario de sesiones, en julio pr\u00f3ximo.<\/p>\n\n\n\n<p>\u201cSomos leales a la Cuarta Transformaci\u00f3n, somos leales el presidente Andr\u00e9s Manuel L\u00f3pez Obrador, y desde este nuevo grupo parlamentario continuaremos los esfuerzos para la consolidaci\u00f3n del nuevo proyecto de naci\u00f3n\u201d, expusieron finalmente.<\/p>\n","protected":false},"excerpt":{"rendered":"<p>Redacci\u00f3n\/Zona Roja. Oaxaca de Ju\u00e1rez, Oax., 13 de abril. Cinco diputadas y diputados buscan integrar&hellip;<\/p>\n","protected":false},"author":2,"featured_media":39728,"comment_status":"closed","ping_status":"open","sticky":false,"template":"","format":"standard","meta":{"_lmt_disableupdate":"","_lmt_disable":"","_jetpack_memberships_contains_paid_content":false,"footnotes":""},"categories":[109,46],"tags":[2387],"class_list":["post-39949","post","type-post","status-publish","format-standard","has-post-thumbnail","hentry","category-minuto-a-minuto","category-zona-blanca","tag-cesar-mateos-benitez"],"jetpack_featured_media_url":"https:\/\/zonaroja.com.mx\/wp-content\/uploads\/2022\/04\/Camara-de-Diputados-Congreso-Oaxaca.jpg","jetpack_sharing_enabled":true,"_links":{"self":[{"href":"https:\/\/zonaroja.com.mx\/index.php?rest_route=\/wp\/v2\/posts\/39949","targetHints":{"allow":["GET"]}}],"collection":[{"href":"https:\/\/zonaroja.com.mx\/index.php?rest_route=\/wp\/v2\/posts"}],"about":[{"href":"https:\/\/zonaroja.com.mx\/index.php?rest_route=\/wp\/v2\/types\/post"}],"author":[{"embeddable":true,"href":"https:\/\/zonaroja.com.mx\/index.php?rest_route=\/wp\/v2\/users\/2"}],"replies":[{"embeddable":true,"href":"https:\/\/zonaroja.com.mx\/index.php?rest_route=%2Fwp%2Fv2%2Fcomments&post=39949"}],"version-history":[{"count":1,"href":"https:\/\/zonaroja.com.mx\/index.php?rest_route=\/wp\/v2\/posts\/39949\/revisions"}],"predecessor-version":[{"id":39950,"href":"https:\/\/zonaroja.com.mx\/index.php?rest_route=\/wp\/v2\/posts\/39949\/revisions\/39950"}],"wp:featuredmedia":[{"embeddable":true,"href":"https:\/\/zonaroja.com.mx\/index.php?rest_route=\/wp\/v2\/media\/39728"}],"wp:attachment":[{"href":"https:\/\/zonaroja.com.mx\/index.php?rest_route=%2Fwp%2Fv2%2Fmedia&parent=39949"}],"wp:term":[{"taxonomy":"category","embeddable":true,"href":"https:\/\/zonaroja.com.mx\/index.php?rest_route=%2Fwp%2Fv2%2Fcategories&post=39949"},{"taxonomy":"post_tag","embeddable":true,"href":"https:\/\/zonaroja.com.mx\/index.php?rest_route=%2Fwp%2Fv2%2Ftags&post=39949"}],"curies":[{"name":"wp","href":"https:\/\/api.w.org\/{rel}","templated":true}]}}