{"id":3995,"date":"2019-09-15T18:49:21","date_gmt":"2019-09-15T23:49:21","guid":{"rendered":"http:\/\/www.zonaroja.com.mx\/?p=3995"},"modified":"2019-09-15T18:49:23","modified_gmt":"2019-09-15T23:49:23","slug":"la-carta-inedita-de-maria-isabel-granen-porrua-a-francisco-toledo","status":"publish","type":"post","link":"https:\/\/zonaroja.com.mx\/?p=3995","title":{"rendered":"La carta in\u00e9dita de Mar\u00eda Isabel Gra\u00f1\u00e9n Porr\u00faa a Francisco Toledo"},"content":{"rendered":"\n<p>Redacci\u00f3n<\/p>\n\n\n\n<p>Esta carta\nin\u00e9dita fue escrita el d\u00eda en que el creador juchiteco don\u00f3 el Instituto de\nArtes Gr\u00e1ficas de Oaxaca y la colecci\u00f3n Jos\u00e9 F. G\u00f3mez al INBA.<\/p>\n\n\n\n<p>Oaxaca de\nJu\u00e1rez, Oaxaca, a 20 de enero de 2015.<\/p>\n\n\n\n<p>Querido\nFrancisco Toledo: <\/p>\n\n\n\n<p>Cuando\npienso en el Instituto de Artes Gr\u00e1ficas de Oaxaca (IAGO) galopan en mi mente\ngratos recuerdos. Es ah\u00ed, en esa hermosa casa del callej\u00f3n del Carmen y la\ncalle Macedonio Alcal\u00e1 donde tuve el privilegio de crecer. <\/p>\n\n\n\n<p>Me regaron\ncon agua de puro cari\u00f1o y eso me permiti\u00f3 sacar tantas flores como tu bugambilia\nque cobija a los usuarios del museo. Me veo a mis 27 a\u00f1os, cuando una llamada\ntuya cambi\u00f3 el rumbo de mi vida. <\/p>\n\n\n\n<p>Atra\u00edda por\nla curiosidad de los libros antiguos, me deslumbr\u00e9 ante el peque\u00f1o gran mundo\nque hab\u00edas creado en Oaxaca: decidiste servir a la sociedad a trav\u00e9s del arte y\nla cultura. Y justamente, sin saberlo, yo tambi\u00e9n hab\u00eda nacido con la misma\nvocaci\u00f3n social. Por eso, he puesto tanta atenci\u00f3n, he seguido tus pasos y\nhemos caminado juntos.<\/p>\n\n\n\n<p>A veces, me\nparece que vivimos en un cuento, en el pa\u00eds del nunca jam\u00e1s. Pero no, las\nhistorias son reales, como aquella que comienza: \u201cHab\u00eda una vez un se\u00f1or que\namaba tanto a su gente y a su ciudad que llen\u00f3 su casa de libros y abri\u00f3 sus\npuertas para que todos fueran a leer\u201d. <\/p>\n\n\n\n<p>No es un\nrelato tan f\u00e1cil de creer, hoy en d\u00eda es dif\u00edcil encontrar alg\u00fan habitante en\neste planeta que regale su casa convertida en biblioteca p\u00fablica. Y adem\u00e1s,\n\u00e9sta se volvi\u00f3 el punto de encuentro de poetas, m\u00fasicos, impresores,\ndise\u00f1adores, arquitectos, pintores, escritores, cantantes, bailarines,\nfot\u00f3grafos, cineastas y hasta un Premio Nobel: Seamus Heaney. <\/p>\n\n\n\n<p>Estos\npersonajes han venido a buscarte y t\u00fa los has impulsado, tambi\u00e9n los presentas\nal p\u00fablico a trav\u00e9s de conferencias y charlas. La hermosa casa, con sus amplios\npatios, no solo es un sitio agradable, sino que siempre hay verdaderas\nsorpresas, ya que el p\u00fablico tiene el privilegio de estar frente a obras\ngr\u00e1ficas originales de artistas como Alberto Durero, Lucas van Leyden,\nGiambattista Piranesi, Francisco de Goya, James Ensor, Jos\u00e9 Guadalupe Posada,\nMarc Chagall, Pablo Picasso, Joan Mir\u00f3, el grupo Cobra, la editorial Fata\nMorgana, el Taller Mart\u00edn Pescador, Rufino Tamayo, Rodolfo Nieto, Jan Hendrix,\nJames Brown, Sergio Hern\u00e1ndez y nuestro muy querido Rodolfo Morales, por citar\nsolo algunas obras que han sido mostradas en las paredes encaladas del IAGO. <\/p>\n\n\n\n<p>Con tu ojo\nexquisito has formado una de las colecciones gr\u00e1ficas m\u00e1s importantes de\nLatinoam\u00e9rica y tambi\u00e9n la has compartido. Esta experiencia est\u00e9tica ha\ncambiado la vida a una generaci\u00f3n \u00e1vida del mundo del arte y la literatura, nos\nllena de asombro, de belleza, de reflexi\u00f3n, de humanidad.<\/p>\n\n\n\n<p>El IAGO ha\nsido el motor de la vor\u00e1gine cultural que vivimos hoy en d\u00eda en Oaxaca. Fue el\norigen del Museo de Arte Contempor\u00e1neo de Oaxaca, abriga al Centro Fotogr\u00e1fico,\nel Taller de Papel, la Biblioteca de Invidentes Jorge Luis Borges, y sigue\nsiendo el im\u00e1n del Centro de las Artes de San Agust\u00edn Etla. <\/p>\n\n\n\n<p>Fue gracias\na ti que logramos rescatar el fondo bibliogr\u00e1fico de la Universidad Aut\u00f3noma\nBenito Ju\u00e1rez de Oaxaca, hoy Biblioteca Francisco de Burgoa, y tambi\u00e9n el\nJard\u00edn Etnobot\u00e1nico del exconvento de Santo Domingo. <\/p>\n\n\n\n<p>Adem\u00e1s, el\nIAGO fue el modelo inspirador del Museo de Filatelia de Oaxaca, la Biblioteca\nHenestrosa, la Biblioteca Infantil BS y la Biblioteca de la Casa de la Cacica,\ny tu generosidad fue clave para la creaci\u00f3n del Museo Textil. <\/p>\n\n\n\n<p>Por\nsupuesto, hoy en d\u00eda, los miles de visitantes que llenan los eventos de San\nPablo se deben sin duda a los 26 a\u00f1os del IAGO. Estoy segura de ello: es un p\u00fablico\nsensible. S\u00e9 que la tarea emprendida en el IAGO es un acto cotidiano de amor. <\/p>\n\n\n\n<p>Me consta\nc\u00f3mo te involucras en cada exposici\u00f3n o en la selecci\u00f3n de las piezas del mes;\nno has escatimado un centavo para adquirir los libros de arte y literatura m\u00e1s\ninteresantes y bellos del mercado; te gusta platicar con los empleados, con los\nusuarios de la biblioteca o con alg\u00fan estudiante que te pide una entrevista\npara su tarea. <\/p>\n\n\n\n<p>Constantemente\nte encuentro tomando un caf\u00e9 o el chocolate de la receta de la Chatita en la\ncafeter\u00eda y me consta cuando reclamas porque encontraste una falta de\nortograf\u00eda en una c\u00e9dula. <\/p>\n\n\n\n<p>El IAGO no\nha dejado de ser tu casa y, aunque ya no habites en ella, te encuentro y te\nencontrar\u00e9 en cada maceta, en cada vitrina, en cada silla, en las rejas y la\nsobriedad de las salas y las puertas de madera. S\u00e9 que has creado obras bellas\nque est\u00e1n colgadas en los museos y colecciones particulares y, sin duda, el\nIAGO es la m\u00e1s viva, la m\u00e1s apreciada que nos has heredado.<\/p>\n\n\n\n<p>El IAGO es\nuna luz muy poderosa en Oaxaca, es tambi\u00e9n una ense\u00f1anza para vislumbrar el\nsiglo XXI: compartir y servir a la sociedad. Ojal\u00e1 los mexicanos aprendamos de\nesta experiencia y se replique en muchos rincones del pa\u00eds. <\/p>\n\n\n\n<p>Que cada\nuno, a nuestra manera, deber\u00edamos seguir tu ejemplo. El d\u00eda de hoy fui testigo\nde la donaci\u00f3n del IAGO y la colecci\u00f3n Jos\u00e9 F. G\u00f3mez al Instituto Nacional de\nBellas Artes. Es un gesto de amor tambi\u00e9n por parte de tus hijos: Natalia,\nLaureana, Jer\u00f3nimo, Sara y Benjam\u00edn. <\/p>\n\n\n\n<p>Con este\nacto adem\u00e1s nos ense\u00f1as que es posible confiar en las instituciones de nuestro\npa\u00eds. Gracias es una palabra muy corta para expresar el agradecimiento que\nsiento. El IAGO seguir\u00e1 iluminando a Oaxaca; estoy segura que de ah\u00ed germinar\u00e1n\nmuchas semillas que has sembrado en el coraz\u00f3n de tu gente. <\/p>\n\n\n\n<p>Me consta\nque el Consejo Nacional para la Cultura y las Artes y el INBA han apoyado al\nIAGO a trav\u00e9s de los a\u00f1os. Estoy segura de que sabr\u00e1n la dimensi\u00f3n de la\nherencia esperanzadora que hoy formalmente reciben. <\/p>\n\n\n\n<p>Te quiero\nmucho: <\/p>\n\n\n\n<p>Mar\u00eda Isabel\nGra\u00f1\u00e9n Porr\u00faa<\/p>\n","protected":false},"excerpt":{"rendered":"<p>Redacci\u00f3n Esta carta in\u00e9dita fue escrita el d\u00eda en que el creador juchiteco don\u00f3 el&hellip;<\/p>\n","protected":false},"author":2,"featured_media":3996,"comment_status":"closed","ping_status":"open","sticky":false,"template":"","format":"standard","meta":{"_lmt_disableupdate":"","_lmt_disable":"","_jetpack_memberships_contains_paid_content":false,"footnotes":""},"categories":[109,46],"tags":[677,716],"class_list":["post-3995","post","type-post","status-publish","format-standard","has-post-thumbnail","hentry","category-minuto-a-minuto","category-zona-blanca","tag-francisco-toledo","tag-maria-isabel-granen-porrua"],"jetpack_featured_media_url":"https:\/\/zonaroja.com.mx\/wp-content\/uploads\/2019\/09\/IMG_6832.jpg","jetpack_sharing_enabled":true,"_links":{"self":[{"href":"https:\/\/zonaroja.com.mx\/index.php?rest_route=\/wp\/v2\/posts\/3995","targetHints":{"allow":["GET"]}}],"collection":[{"href":"https:\/\/zonaroja.com.mx\/index.php?rest_route=\/wp\/v2\/posts"}],"about":[{"href":"https:\/\/zonaroja.com.mx\/index.php?rest_route=\/wp\/v2\/types\/post"}],"author":[{"embeddable":true,"href":"https:\/\/zonaroja.com.mx\/index.php?rest_route=\/wp\/v2\/users\/2"}],"replies":[{"embeddable":true,"href":"https:\/\/zonaroja.com.mx\/index.php?rest_route=%2Fwp%2Fv2%2Fcomments&post=3995"}],"version-history":[{"count":1,"href":"https:\/\/zonaroja.com.mx\/index.php?rest_route=\/wp\/v2\/posts\/3995\/revisions"}],"predecessor-version":[{"id":3997,"href":"https:\/\/zonaroja.com.mx\/index.php?rest_route=\/wp\/v2\/posts\/3995\/revisions\/3997"}],"wp:featuredmedia":[{"embeddable":true,"href":"https:\/\/zonaroja.com.mx\/index.php?rest_route=\/wp\/v2\/media\/3996"}],"wp:attachment":[{"href":"https:\/\/zonaroja.com.mx\/index.php?rest_route=%2Fwp%2Fv2%2Fmedia&parent=3995"}],"wp:term":[{"taxonomy":"category","embeddable":true,"href":"https:\/\/zonaroja.com.mx\/index.php?rest_route=%2Fwp%2Fv2%2Fcategories&post=3995"},{"taxonomy":"post_tag","embeddable":true,"href":"https:\/\/zonaroja.com.mx\/index.php?rest_route=%2Fwp%2Fv2%2Ftags&post=3995"}],"curies":[{"name":"wp","href":"https:\/\/api.w.org\/{rel}","templated":true}]}}