{"id":39951,"date":"2022-04-13T21:26:55","date_gmt":"2022-04-14T02:26:55","guid":{"rendered":"http:\/\/www.zonaroja.com.mx\/?p=39951"},"modified":"2022-04-13T21:26:57","modified_gmt":"2022-04-14T02:26:57","slug":"asesinan-a-cuatro-en-menos-de-24-horas-en-oaxaca","status":"publish","type":"post","link":"https:\/\/zonaroja.com.mx\/?p=39951","title":{"rendered":"Asesinan a cuatro en menos de 24 horas en Oaxaca"},"content":{"rendered":"\n<p>Ismael Garc\u00eda M.\/Zona Roja.<\/p>\n\n\n\n<p>Oaxaca de Ju\u00e1rez, Oax., 13 de abril de 2022.- Entre la noche del martes y la tarde de este mi\u00e9rcoles, al menos cuatro personas fueron asesinadas por disparos de arma de fuego, en las regiones Istmo de Tehuantepec, Costa y Cuenca del Papaloapan.<\/p>\n\n\n\n<p>En la calle Cuauht\u00e9moc de la Octava Secci\u00f3n de Juchit\u00e1n de Zaragoza, un hombre fue ejecutado a balazos la tarde de hoy, por sujetos armados.<\/p>\n\n\n\n<p>Se trata de un comerciante, a\u00fan no identificado con su nombre formal, quien fue abatido mientras repart\u00eda sus productor; sus familiares llegaron antes que la polic\u00eda municipal y retiraron el cuerpo.<\/p>\n\n\n\n<p>Tambi\u00e9n ayer por la tarde, en\u00a0Bajos de Coyula, localidad del municipio de Santa Maria Huatulco, fue asesinado a balazos un hombre identificado como Hugo N., quien se dedicaba a la siembra de sand\u00eda, hasta donde llegaron sujetos armados y le dispararon.<\/p>\n\n\n\n<p>Por otra parte, ayer por la tarde en Acatl\u00e1n de P\u00e9rez Figueroa, municipio de la regi\u00f3n Cuenca del estado, fueron ultimados dos individuos, presuntamente originarios de Veracruz.<\/p>\n\n\n\n<p>Los cuerpos fueron localizados en la comunidad de La Raya y las v\u00edctimas fueron identificadas de manera preliminar como No\u00e9 Ju\u00e1rez Venegas y Eduardo Cruz L\u00f3pez; a\u00fan se desconoce el m\u00f3vil del doble homicidio.<\/p>\n","protected":false},"excerpt":{"rendered":"<p>Ismael Garc\u00eda M.\/Zona Roja. Oaxaca de Ju\u00e1rez, Oax., 13 de abril de 2022.- Entre la&hellip;<\/p>\n","protected":false},"author":2,"featured_media":39952,"comment_status":"closed","ping_status":"open","sticky":false,"template":"","format":"standard","meta":{"_lmt_disableupdate":"","_lmt_disable":"","_jetpack_memberships_contains_paid_content":false,"footnotes":""},"categories":[109,51],"tags":[123],"class_list":["post-39951","post","type-post","status-publish","format-standard","has-post-thumbnail","hentry","category-minuto-a-minuto","category-zona-roja","tag-juchitan-de-zaragoza"],"jetpack_featured_media_url":"https:\/\/zonaroja.com.mx\/wp-content\/uploads\/2022\/04\/Asesinado-Juchitan-de-Zaragoza.jpg","jetpack_sharing_enabled":true,"_links":{"self":[{"href":"https:\/\/zonaroja.com.mx\/index.php?rest_route=\/wp\/v2\/posts\/39951","targetHints":{"allow":["GET"]}}],"collection":[{"href":"https:\/\/zonaroja.com.mx\/index.php?rest_route=\/wp\/v2\/posts"}],"about":[{"href":"https:\/\/zonaroja.com.mx\/index.php?rest_route=\/wp\/v2\/types\/post"}],"author":[{"embeddable":true,"href":"https:\/\/zonaroja.com.mx\/index.php?rest_route=\/wp\/v2\/users\/2"}],"replies":[{"embeddable":true,"href":"https:\/\/zonaroja.com.mx\/index.php?rest_route=%2Fwp%2Fv2%2Fcomments&post=39951"}],"version-history":[{"count":1,"href":"https:\/\/zonaroja.com.mx\/index.php?rest_route=\/wp\/v2\/posts\/39951\/revisions"}],"predecessor-version":[{"id":39953,"href":"https:\/\/zonaroja.com.mx\/index.php?rest_route=\/wp\/v2\/posts\/39951\/revisions\/39953"}],"wp:featuredmedia":[{"embeddable":true,"href":"https:\/\/zonaroja.com.mx\/index.php?rest_route=\/wp\/v2\/media\/39952"}],"wp:attachment":[{"href":"https:\/\/zonaroja.com.mx\/index.php?rest_route=%2Fwp%2Fv2%2Fmedia&parent=39951"}],"wp:term":[{"taxonomy":"category","embeddable":true,"href":"https:\/\/zonaroja.com.mx\/index.php?rest_route=%2Fwp%2Fv2%2Fcategories&post=39951"},{"taxonomy":"post_tag","embeddable":true,"href":"https:\/\/zonaroja.com.mx\/index.php?rest_route=%2Fwp%2Fv2%2Ftags&post=39951"}],"curies":[{"name":"wp","href":"https:\/\/api.w.org\/{rel}","templated":true}]}}