{"id":39957,"date":"2022-04-14T07:25:43","date_gmt":"2022-04-14T12:25:43","guid":{"rendered":"http:\/\/www.zonaroja.com.mx\/?p=39957"},"modified":"2022-04-14T07:25:45","modified_gmt":"2022-04-14T12:25:45","slug":"matan-a-balazos-a-individuo-en-tehuantepec-oaxaca","status":"publish","type":"post","link":"https:\/\/zonaroja.com.mx\/?p=39957","title":{"rendered":"Matan a balazos a individuo en Tehuantepec, Oaxaca"},"content":{"rendered":"\n<p>Redacci\u00f3n\/Zona Roja.<\/p>\n\n\n\n<p>Oaxaca de Ju\u00e1rez, Oax., 14 de abril de 2022.- Con varios disparos de arma de fuego en cuerpo y rostro, fue asesinada anoche una persona del sexo masculino en Santo Domingo Tehuantepec, municipio de la regi\u00f3n del Istmo de Oaxaca.<\/p>\n\n\n\n<p>Los hechos sucedieron en un domicilio ubicado en el fraccionamiento La Noria, donde presuntamente un delincuente arrib\u00f3 y le dispar\u00f3 de manera directa.<\/p>\n\n\n\n<p>La v\u00edctima fue identificada de manera preliminar como Mauricio H. J., de aproximadamente 47 a\u00f1os de edad, y era originario de Santa Maria Chimalapa.<\/p>\n\n\n\n<p>Ayer tambi\u00e9n, en Juchit\u00e1n de Zaragoza fue ultimada una persona del sexo masculino, en la Octava Secci\u00f3n, conocida como Cheguigo.<\/p>\n\n\n\n<p>En ambos casos no hay personas detenidas.<\/p>\n","protected":false},"excerpt":{"rendered":"<p>Redacci\u00f3n\/Zona Roja. Oaxaca de Ju\u00e1rez, Oax., 14 de abril de 2022.- Con varios disparos de&hellip;<\/p>\n","protected":false},"author":2,"featured_media":15591,"comment_status":"closed","ping_status":"open","sticky":false,"template":"","format":"standard","meta":{"_lmt_disableupdate":"","_lmt_disable":"","_jetpack_memberships_contains_paid_content":false,"footnotes":""},"categories":[109,51],"tags":[125],"class_list":["post-39957","post","type-post","status-publish","format-standard","has-post-thumbnail","hentry","category-minuto-a-minuto","category-zona-roja","tag-santo-domingo-tehuantepec"],"jetpack_featured_media_url":"https:\/\/zonaroja.com.mx\/wp-content\/uploads\/2020\/07\/Escena-del-crimen-8.jpg","jetpack_sharing_enabled":true,"_links":{"self":[{"href":"https:\/\/zonaroja.com.mx\/index.php?rest_route=\/wp\/v2\/posts\/39957","targetHints":{"allow":["GET"]}}],"collection":[{"href":"https:\/\/zonaroja.com.mx\/index.php?rest_route=\/wp\/v2\/posts"}],"about":[{"href":"https:\/\/zonaroja.com.mx\/index.php?rest_route=\/wp\/v2\/types\/post"}],"author":[{"embeddable":true,"href":"https:\/\/zonaroja.com.mx\/index.php?rest_route=\/wp\/v2\/users\/2"}],"replies":[{"embeddable":true,"href":"https:\/\/zonaroja.com.mx\/index.php?rest_route=%2Fwp%2Fv2%2Fcomments&post=39957"}],"version-history":[{"count":1,"href":"https:\/\/zonaroja.com.mx\/index.php?rest_route=\/wp\/v2\/posts\/39957\/revisions"}],"predecessor-version":[{"id":39958,"href":"https:\/\/zonaroja.com.mx\/index.php?rest_route=\/wp\/v2\/posts\/39957\/revisions\/39958"}],"wp:featuredmedia":[{"embeddable":true,"href":"https:\/\/zonaroja.com.mx\/index.php?rest_route=\/wp\/v2\/media\/15591"}],"wp:attachment":[{"href":"https:\/\/zonaroja.com.mx\/index.php?rest_route=%2Fwp%2Fv2%2Fmedia&parent=39957"}],"wp:term":[{"taxonomy":"category","embeddable":true,"href":"https:\/\/zonaroja.com.mx\/index.php?rest_route=%2Fwp%2Fv2%2Fcategories&post=39957"},{"taxonomy":"post_tag","embeddable":true,"href":"https:\/\/zonaroja.com.mx\/index.php?rest_route=%2Fwp%2Fv2%2Ftags&post=39957"}],"curies":[{"name":"wp","href":"https:\/\/api.w.org\/{rel}","templated":true}]}}