{"id":39962,"date":"2022-04-14T07:33:54","date_gmt":"2022-04-14T12:33:54","guid":{"rendered":"http:\/\/www.zonaroja.com.mx\/?p=39962"},"modified":"2022-04-14T07:33:55","modified_gmt":"2022-04-14T12:33:55","slug":"ninguna-oaxaqueno-se-quedara-sin-educacion-ni-atencion-medica-de-calidad-jara","status":"publish","type":"post","link":"https:\/\/zonaroja.com.mx\/?p=39962","title":{"rendered":"Ninguna oaxaque\u00f1o se quedar\u00e1 sin educaci\u00f3n ni atenci\u00f3n m\u00e9dica de calidad: Jara"},"content":{"rendered":"\n<p>Redacci\u00f3n\/Zona Roja.<\/p>\n\n\n\n<p>Oaxaca de Ju\u00e1rez, Oax., 14 de abril de 2022.- Ante habitantes de la Sierra Sur en San Agust\u00edn Loxicha, Salom\u00f3n Jara Cruz dijo que su compromiso es trabajar en la construcci\u00f3n de un estado de bienestar y de derechos garantizados para que ninguna oaxaque\u00f1a ni oaxaque\u00f1o se quede atr\u00e1s por falta de atenci\u00f3n a sus necesidades b\u00e1sicas.&nbsp;<\/p>\n\n\n\n<p>El candidato al gobierno del estado por la coalici\u00f3n \u201cJuntos Hacemos Historia\u201d, dijo que impulsar\u00e1 un cambio verdadero para que el gobierno estatal recupere sus funciones sociales y asuma plenamente sus responsabilidades en materia de educaci\u00f3n, salud y seguridad social, \u201cpor ello ampliaremos los programas de bienestar federales\u201d.&nbsp;<\/p>\n\n\n\n<p>\u201cTendremos una pol\u00edtica educativa de calidad, donde se garantice el respeto por nuestra cultura ind\u00edgena en sus contenidos y comprometidos a cumplir los objetivos de la Reforma Educativa promovida por la 4T\u201d, detall\u00f3.<\/p>\n\n\n\n<p>En este sentido, se comprometi\u00f3 a garantizar el acceso y continuidad en la educaci\u00f3n de ni\u00f1as, adolescentes y mujeres, particularmente en pueblos, comunidades ind\u00edgenas y afromexicanas.<\/p>\n\n\n\n<p>Resalt\u00f3 que se rescatar\u00e1 el sistema p\u00fablico de salud garantizando el acceso universal, medicamentos gratuitos y servicios de calidad, \u201cen colaboraci\u00f3n con el gobierno federal se revisar\u00e1 la contrataci\u00f3n del personal m\u00e9dico y enfermer\u00eda para resolver el d\u00e9ficit de personal\u201d, a\u00f1adi\u00f3.<\/p>\n\n\n\n<p>Por primera vez en nuestro estado, explic\u00f3 Jara Cruz, el derecho a la salud de todas las mujeres a trav\u00e9s de servicios accesibles, oportunos y de calidad, estar\u00e1 asegurado.<\/p>\n\n\n\n<p>\u201cLa pr\u00e1ctica del deporte es el mejor programa de prevenci\u00f3n de enfermedades cr\u00f3nicas, por ello fomentaremos la pr\u00e1ctica del deporte en las comunidades, crearemos infraestructura deportiva y apoyaremos a los atletas oaxaque\u00f1os de alto rendimiento\u201d, mencion\u00f3.<\/p>\n\n\n\n<p>\u201cPara lograr el cambio verdadero, las tareas sociales del gobierno deben tener una misma direcci\u00f3n: reducir la indignante desigualdad, basada en el privilegio de pocos y la miseria de muchos\u201d, finaliz\u00f3 el abanderado de la coalici\u00f3n \u201cJuntos Hacemos Historia\u201d, Salom\u00f3n Jara Cruz.<\/p>\n","protected":false},"excerpt":{"rendered":"<p>Redacci\u00f3n\/Zona Roja. Oaxaca de Ju\u00e1rez, Oax., 14 de abril de 2022.- Ante habitantes de la&hellip;<\/p>\n","protected":false},"author":2,"featured_media":39963,"comment_status":"closed","ping_status":"open","sticky":false,"template":"","format":"standard","meta":{"_lmt_disableupdate":"","_lmt_disable":"","_jetpack_memberships_contains_paid_content":false,"footnotes":""},"categories":[109,46],"tags":[939],"class_list":["post-39962","post","type-post","status-publish","format-standard","has-post-thumbnail","hentry","category-minuto-a-minuto","category-zona-blanca","tag-salomon-jara-cruz"],"jetpack_featured_media_url":"https:\/\/zonaroja.com.mx\/wp-content\/uploads\/2022\/04\/Salomon-Jara-Valles.jpg","jetpack_sharing_enabled":true,"_links":{"self":[{"href":"https:\/\/zonaroja.com.mx\/index.php?rest_route=\/wp\/v2\/posts\/39962","targetHints":{"allow":["GET"]}}],"collection":[{"href":"https:\/\/zonaroja.com.mx\/index.php?rest_route=\/wp\/v2\/posts"}],"about":[{"href":"https:\/\/zonaroja.com.mx\/index.php?rest_route=\/wp\/v2\/types\/post"}],"author":[{"embeddable":true,"href":"https:\/\/zonaroja.com.mx\/index.php?rest_route=\/wp\/v2\/users\/2"}],"replies":[{"embeddable":true,"href":"https:\/\/zonaroja.com.mx\/index.php?rest_route=%2Fwp%2Fv2%2Fcomments&post=39962"}],"version-history":[{"count":1,"href":"https:\/\/zonaroja.com.mx\/index.php?rest_route=\/wp\/v2\/posts\/39962\/revisions"}],"predecessor-version":[{"id":39964,"href":"https:\/\/zonaroja.com.mx\/index.php?rest_route=\/wp\/v2\/posts\/39962\/revisions\/39964"}],"wp:featuredmedia":[{"embeddable":true,"href":"https:\/\/zonaroja.com.mx\/index.php?rest_route=\/wp\/v2\/media\/39963"}],"wp:attachment":[{"href":"https:\/\/zonaroja.com.mx\/index.php?rest_route=%2Fwp%2Fv2%2Fmedia&parent=39962"}],"wp:term":[{"taxonomy":"category","embeddable":true,"href":"https:\/\/zonaroja.com.mx\/index.php?rest_route=%2Fwp%2Fv2%2Fcategories&post=39962"},{"taxonomy":"post_tag","embeddable":true,"href":"https:\/\/zonaroja.com.mx\/index.php?rest_route=%2Fwp%2Fv2%2Ftags&post=39962"}],"curies":[{"name":"wp","href":"https:\/\/api.w.org\/{rel}","templated":true}]}}