{"id":39980,"date":"2022-04-14T14:30:47","date_gmt":"2022-04-14T19:30:47","guid":{"rendered":"http:\/\/www.zonaroja.com.mx\/?p=39980"},"modified":"2022-04-14T14:30:49","modified_gmt":"2022-04-14T19:30:49","slug":"cumple-una-semana-incendio-en-chimalapa-van-900-hectareas-siniestradas","status":"publish","type":"post","link":"https:\/\/zonaroja.com.mx\/?p=39980","title":{"rendered":"Cumple una semana incendio en Chimalapa; van 900 hect\u00e1reas siniestradas"},"content":{"rendered":"\n<p>Yuridiana Sosa\/ Zona Roja<\/p>\n\n\n\n<p>Oaxaca de Ju\u00e1rez, Oax., 14 de abril de 2022.- El incendio en el municipio de San Miguel Chimalapa, en la regi\u00f3n del Istmo, cumpli\u00f3 este jueves una semana activo y al menos unas 900 hect\u00e1reas han sido afectadas, a pesar de la intervenci\u00f3n de diversos cuerpos de brigadistas.<\/p>\n\n\n\n<p>La Comisi\u00f3n Estatal Forestal de Oaxaca ( Coesfo) report\u00f3 que el incendio ocurre en el paraje \u201cLas Petacas\u201d, hasta donde este martes tambi\u00e9n arribaron elementos de rescate de la Secretar\u00eda de la Defensa Nacional (Sedena) para reforzar el equipo de combate.<\/p>\n\n\n\n<p>Del 1 de enero al corte de este 13 de abril se han registrado 70 incendios forestales en diversas regiones de Oaxaca, con una afectaci\u00f3n de cuatro mil 920.78 hect\u00e1reas, inform\u00f3 la dependencia.<\/p>\n\n\n\n<p>Adem\u00e1s de la conflagraci\u00f3n activa en San Miguel Chimalapa, tambi\u00e9n se encuentra activo desde hace cuatro d\u00edas un incendio en el paraje de \u201cCerro de Oro\u201d el municipio de San Lucas Ojitl\u00e1n, en la regi\u00f3n de la Cuenca, con da\u00f1os en cinco hect\u00e1reas.<\/p>\n\n\n\n<p>El director de la Coesfo, Aar\u00f3n Ju\u00e1rez, report\u00f3 que en calidad de controlado, se encuentra el siniestro ocurrido en el paraje de L\u00edmites con Tlahuapa, Guerrero en San Mart\u00edn Peras, del distrito de Juxtlahuaca de la regi\u00f3n de la Mixteca, el cual lleva seis d\u00edas de combate y ha alcanzado da\u00f1os en 100 hect\u00e1reas.&nbsp;<\/p>\n","protected":false},"excerpt":{"rendered":"<p>Yuridiana Sosa\/ Zona Roja Oaxaca de Ju\u00e1rez, Oax., 14 de abril de 2022.- El incendio&hellip;<\/p>\n","protected":false},"author":2,"featured_media":39981,"comment_status":"closed","ping_status":"open","sticky":false,"template":"","format":"standard","meta":{"_lmt_disableupdate":"","_lmt_disable":"","_jetpack_memberships_contains_paid_content":false,"footnotes":""},"categories":[109,47],"tags":[967],"class_list":["post-39980","post","type-post","status-publish","format-standard","has-post-thumbnail","hentry","category-minuto-a-minuto","category-zona-gris","tag-san-miguel-chimalapa"],"jetpack_featured_media_url":"https:\/\/zonaroja.com.mx\/wp-content\/uploads\/2022\/04\/Incendio-San-Miguel-Chimalapa.jpeg","jetpack_sharing_enabled":true,"_links":{"self":[{"href":"https:\/\/zonaroja.com.mx\/index.php?rest_route=\/wp\/v2\/posts\/39980","targetHints":{"allow":["GET"]}}],"collection":[{"href":"https:\/\/zonaroja.com.mx\/index.php?rest_route=\/wp\/v2\/posts"}],"about":[{"href":"https:\/\/zonaroja.com.mx\/index.php?rest_route=\/wp\/v2\/types\/post"}],"author":[{"embeddable":true,"href":"https:\/\/zonaroja.com.mx\/index.php?rest_route=\/wp\/v2\/users\/2"}],"replies":[{"embeddable":true,"href":"https:\/\/zonaroja.com.mx\/index.php?rest_route=%2Fwp%2Fv2%2Fcomments&post=39980"}],"version-history":[{"count":1,"href":"https:\/\/zonaroja.com.mx\/index.php?rest_route=\/wp\/v2\/posts\/39980\/revisions"}],"predecessor-version":[{"id":39982,"href":"https:\/\/zonaroja.com.mx\/index.php?rest_route=\/wp\/v2\/posts\/39980\/revisions\/39982"}],"wp:featuredmedia":[{"embeddable":true,"href":"https:\/\/zonaroja.com.mx\/index.php?rest_route=\/wp\/v2\/media\/39981"}],"wp:attachment":[{"href":"https:\/\/zonaroja.com.mx\/index.php?rest_route=%2Fwp%2Fv2%2Fmedia&parent=39980"}],"wp:term":[{"taxonomy":"category","embeddable":true,"href":"https:\/\/zonaroja.com.mx\/index.php?rest_route=%2Fwp%2Fv2%2Fcategories&post=39980"},{"taxonomy":"post_tag","embeddable":true,"href":"https:\/\/zonaroja.com.mx\/index.php?rest_route=%2Fwp%2Fv2%2Ftags&post=39980"}],"curies":[{"name":"wp","href":"https:\/\/api.w.org\/{rel}","templated":true}]}}