{"id":39986,"date":"2022-04-14T14:48:34","date_gmt":"2022-04-14T19:48:34","guid":{"rendered":"http:\/\/www.zonaroja.com.mx\/?p=39986"},"modified":"2022-04-14T14:48:35","modified_gmt":"2022-04-14T19:48:35","slug":"claman-justicia-por-frida-alondra-ayer-le-dieron-ultimo-adios","status":"publish","type":"post","link":"https:\/\/zonaroja.com.mx\/?p=39986","title":{"rendered":"Claman justicia por Frida Alondra; ayer le dieron \u00faltimo adi\u00f3s"},"content":{"rendered":"\n<p>Yuridiana Sosa\/Zona Roja.<\/p>\n\n\n\n<p>Oaxaca de Ju\u00e1rez, Oax., 14 de abril de 2022.- Frida Alondra regres\u00f3 a casa, en la costa chica de Guerrero, pero sin vida, s\u00f3lo para ser despedida por su familia y amistades.<\/p>\n\n\n\n<p>Su muerte, su feminicidio, ahora es motivo de una fuerte exigencia de justicia para las autoridades de Oaxaca, al ser localizada sin vida el pasado 12 de abril en caminos cosecheros del municipio de San Juan Bautista Lo de Soto, de este estado, municipio colindante con Cuajinicuilapa, su comunidad de origen en Guerrero, tras acudir a las festividades que con motivo del \u201cViernes de Dolores\u201d el pasado 8 de abril.<\/p>\n\n\n\n<p>Su cuerpo fue despedido este mi\u00e9rcoles entre llantos de dolor y exigencia de justicia para la adolescente de 13 a\u00f1os de edad, Frida Alondra Ruiz Infante.<\/p>\n\n\n\n<p>Dentro de un ata\u00fad blanco, su cuerpo parti\u00f3 a su \u00faltima morada, en un recorrido por calles de la comunidad donde estuvo su familia, amigos y ciudadanos conmovidos por el hecho y donde no falt\u00f3 la promesa de sus seres queridos de luchar por alcanzar castigo para los responsables.<\/p>\n\n\n\n<p>EXIGEN JUSTICIA<\/p>\n\n\n\n<p>Autoridades de Guerrero y organismos sociales han alzado la voz para exigir justicia; el feminicidio tambi\u00e9n ha sido condenado desde un rap, por parte de un compositor ecuatoriano, que tambi\u00e9n alz\u00f3 la voz por el hecho.<\/p>\n\n\n\n<p>La composici\u00f3n del rapero Kevin Nasevilla pronto se viraliz\u00f3, en su tema plantea un escenario triste del final de la vida de Frida.<\/p>\n\n\n\n<p>\u201cFrida Alondra, es una chica muy so\u00f1adora, que su vida amaba, todo su mundo empezaba, pero el destino no era bueno con lo que preparaba\u2026En su casa feliz se maquill\u00f3, se puso la ropa m\u00e1s fina, y muy hermosa ella se vio, y la puerta ella abri\u00f3 en medio de una soledad a la fiesta ella se march\u00f3\u201d, describe<\/p>\n\n\n\n<p>\u201cPero ella no sab\u00eda, que alguien la ve\u00eda, al parecer una persona la persegu\u00eda, ella en su alma sent\u00eda que algo pasar\u00eda, un sentimiento lleno de miedo que por dentro ten\u00eda\u201d, refiere con sentimiento Kevin Nasevilla.<\/p>\n\n\n\n<p>Por su parte, la Colectiva de Mujeres Afromexicanas en Movimiento (MUAFRO) tambi\u00e9n manifest\u00f3 su exigencia de justicia y el esclarecimiento del asesinato ocurrido en San Juan Bautista lo de Soto en la costa de Oaxaca.<\/p>\n\n\n\n<p>El grupo de defensoras demand\u00f3 al Gobierno de Oaxaca realice una investigaci\u00f3n, pronta, expedita, con perspectiva intercultural y de g\u00e9nero que permita el esclarecimiento del feminicidio, as\u00ed como al gobierno de M\u00e9xico ofrezca datos reales de los feminicidios en el pa\u00eds.<\/p>\n\n\n\n<p>\u201cLas J\u00f3venes Afromexicanas, no se tocan, no se violan, no se matan. Este acto de violencia extrema contra una joven afromexicana no es un hecho aislado, se da en un contexto de impunidad y violencia generalizada en nuestros territorios y en el pa\u00eds\u201d, expuso MUAFRO.<\/p>\n\n\n\n<p>De acuerdo a este organismo, sistem\u00e1ticamente existe invisibilidad de las violencias que viven las ni\u00f1as, adolescentes y mujeres afromexicanas y no existen programas, estrategias o pol\u00edticas p\u00fablicas culturalmente diferenciadas que combatan de manera frontal la violencia de g\u00e9nero.<\/p>\n\n\n\n<p>En tanto, el ayuntamiento de Cuajinicuilapa, Guerrero tambi\u00e9n emiti\u00f3 un comunicado para exhortar a las autoridades de Oaxaca la investigaci\u00f3n correspondiente para el esclarecimiento del feminicidio.<\/p>\n","protected":false},"excerpt":{"rendered":"<p>Yuridiana Sosa\/Zona Roja. Oaxaca de Ju\u00e1rez, Oax., 14 de abril de 2022.- Frida Alondra regres\u00f3&hellip;<\/p>\n","protected":false},"author":2,"featured_media":39987,"comment_status":"closed","ping_status":"open","sticky":false,"template":"","format":"standard","meta":{"_lmt_disableupdate":"","_lmt_disable":"","_jetpack_memberships_contains_paid_content":false,"footnotes":""},"categories":[109,47],"tags":[3103],"class_list":["post-39986","post","type-post","status-publish","format-standard","has-post-thumbnail","hentry","category-minuto-a-minuto","category-zona-gris","tag-frida-alondra-cuajuinicuilapa-lo-de-soto"],"jetpack_featured_media_url":"https:\/\/zonaroja.com.mx\/wp-content\/uploads\/2022\/04\/Sepelio-feminicidio-Alondra.jpg","jetpack_sharing_enabled":true,"_links":{"self":[{"href":"https:\/\/zonaroja.com.mx\/index.php?rest_route=\/wp\/v2\/posts\/39986","targetHints":{"allow":["GET"]}}],"collection":[{"href":"https:\/\/zonaroja.com.mx\/index.php?rest_route=\/wp\/v2\/posts"}],"about":[{"href":"https:\/\/zonaroja.com.mx\/index.php?rest_route=\/wp\/v2\/types\/post"}],"author":[{"embeddable":true,"href":"https:\/\/zonaroja.com.mx\/index.php?rest_route=\/wp\/v2\/users\/2"}],"replies":[{"embeddable":true,"href":"https:\/\/zonaroja.com.mx\/index.php?rest_route=%2Fwp%2Fv2%2Fcomments&post=39986"}],"version-history":[{"count":1,"href":"https:\/\/zonaroja.com.mx\/index.php?rest_route=\/wp\/v2\/posts\/39986\/revisions"}],"predecessor-version":[{"id":39988,"href":"https:\/\/zonaroja.com.mx\/index.php?rest_route=\/wp\/v2\/posts\/39986\/revisions\/39988"}],"wp:featuredmedia":[{"embeddable":true,"href":"https:\/\/zonaroja.com.mx\/index.php?rest_route=\/wp\/v2\/media\/39987"}],"wp:attachment":[{"href":"https:\/\/zonaroja.com.mx\/index.php?rest_route=%2Fwp%2Fv2%2Fmedia&parent=39986"}],"wp:term":[{"taxonomy":"category","embeddable":true,"href":"https:\/\/zonaroja.com.mx\/index.php?rest_route=%2Fwp%2Fv2%2Fcategories&post=39986"},{"taxonomy":"post_tag","embeddable":true,"href":"https:\/\/zonaroja.com.mx\/index.php?rest_route=%2Fwp%2Fv2%2Ftags&post=39986"}],"curies":[{"name":"wp","href":"https:\/\/api.w.org\/{rel}","templated":true}]}}