{"id":39993,"date":"2022-04-14T21:19:39","date_gmt":"2022-04-15T02:19:39","guid":{"rendered":"https:\/\/www.zonaroja.com.mx\/?p=39993"},"modified":"2022-04-14T21:19:42","modified_gmt":"2022-04-15T02:19:42","slug":"fortalecen-en-santa-lucia-del-camino-operativos-de-seguridad","status":"publish","type":"post","link":"https:\/\/zonaroja.com.mx\/?p=39993","title":{"rendered":"Fortalecen en Santa Luc\u00eda del Camino operativos de seguridad"},"content":{"rendered":"\n<p>Redacci\u00f3n\/Zona Roja.&nbsp;<\/p>\n\n\n\n<p>Oaxaca de Ju\u00e1rez, Oax., 14 de abril dd 2022.- El ayuntamiento de Santa Luc\u00eda del Camino que encabeza Juan Carlos Garc\u00eda M\u00e1rquez, dio el banderazo de arranque al operativo \u201cSemana Santa Segura\u201d, el cual estar\u00e1 vigente durante el periodo vacacional que corresponde a la Semana Santa 2022.<\/p>\n\n\n\n<p>Durante el evento realizado en la avenida L\u00e1zaro C\u00e1rdenas del municipio, el Presidente Municipal, acompa\u00f1ado por los integrantes del Cabildo, as\u00ed como Marcos Fredy Hern\u00e1ndez L\u00f3pez, Director de Seguridad P\u00fablica, Vialidad y Protecci\u00f3n Ciudadana; dijo que la prioridad de su administraci\u00f3n ser\u00e1 velar por las y los ciudadanos del municipio, as\u00ed como de las y los visitantes que transiten por el mismo.<\/p>\n\n\n\n<p>\u201cPara algunos son tiempos festivos, para muchos de guardar, y se incrementan el n\u00famero de accidentes, por eso nosotros dise\u00f1amos este operativo junto con la Polic\u00eda Municipal, que va a salvaguardar la integridad de las y los ciudadanos de Santa Luc\u00eda del Camino, y de todos aquellos que transiten por nuestro municipio\u201d, expuso.&nbsp;<\/p>\n\n\n\n<p>Por esto, Juan Carlos Garc\u00eda M\u00e1rquez emiti\u00f3 un exhorto \u201cque si tienen ustedes alguna actividad festiva, si ingieren bebidas alcoh\u00f3licas, no conduzcan bajo los efectos de ninguna droga, estupefaciente y alcohol, para no ocasionar alg\u00fan accidente; decirle a los ciudadanos que estamos previendo esta situaci\u00f3n por medio del operativo alcohol\u00edmetro que ya se instal\u00f3 desde el d\u00eda de ayer, y va a estar operando todo el fin de semana\u201d.<\/p>\n\n\n\n<p>Ser\u00e1n 90 los efectivos de la Polic\u00eda Municipal de Santa Luc\u00eda del Camino que estar\u00e1n trabajando en este operativo dise\u00f1ado para auxiliar a la ciudadan\u00eda, por lo que se podr\u00e1n realizar las denuncias correspondientes a trav\u00e9s del n\u00famero de emergencias 9-1-1, para que los elementos de seguridad, Protecci\u00f3n Civil y Param\u00e9dicos, puedan brindar el servicio de manera oportuna.<\/p>\n\n\n\n<p>Dentro del operativo \u201cSemana Santa Segura 2022\u201d, se implementar\u00e1n operativos a fin de proporcionar servicios de emergencias e informaci\u00f3n tur\u00edstica, adem\u00e1s de aplicar campa\u00f1as de concientizaci\u00f3n para evitar accidentes viales en el municipio de Santa Luc\u00eda del Camino.<\/p>\n","protected":false},"excerpt":{"rendered":"<p>Redacci\u00f3n\/Zona Roja.&nbsp; Oaxaca de Ju\u00e1rez, Oax., 14 de abril dd 2022.- El ayuntamiento de Santa&hellip;<\/p>\n","protected":false},"author":2,"featured_media":39992,"comment_status":"closed","ping_status":"open","sticky":false,"template":"","format":"standard","meta":{"_lmt_disableupdate":"","_lmt_disable":"","_jetpack_memberships_contains_paid_content":false,"footnotes":""},"categories":[109,46],"tags":[],"class_list":["post-39993","post","type-post","status-publish","format-standard","has-post-thumbnail","hentry","category-minuto-a-minuto","category-zona-blanca"],"jetpack_featured_media_url":"https:\/\/zonaroja.com.mx\/wp-content\/uploads\/2022\/04\/316e1411-c61a-48bd-ad05-199d22f23381.jpg","jetpack_sharing_enabled":true,"_links":{"self":[{"href":"https:\/\/zonaroja.com.mx\/index.php?rest_route=\/wp\/v2\/posts\/39993","targetHints":{"allow":["GET"]}}],"collection":[{"href":"https:\/\/zonaroja.com.mx\/index.php?rest_route=\/wp\/v2\/posts"}],"about":[{"href":"https:\/\/zonaroja.com.mx\/index.php?rest_route=\/wp\/v2\/types\/post"}],"author":[{"embeddable":true,"href":"https:\/\/zonaroja.com.mx\/index.php?rest_route=\/wp\/v2\/users\/2"}],"replies":[{"embeddable":true,"href":"https:\/\/zonaroja.com.mx\/index.php?rest_route=%2Fwp%2Fv2%2Fcomments&post=39993"}],"version-history":[{"count":1,"href":"https:\/\/zonaroja.com.mx\/index.php?rest_route=\/wp\/v2\/posts\/39993\/revisions"}],"predecessor-version":[{"id":39994,"href":"https:\/\/zonaroja.com.mx\/index.php?rest_route=\/wp\/v2\/posts\/39993\/revisions\/39994"}],"wp:featuredmedia":[{"embeddable":true,"href":"https:\/\/zonaroja.com.mx\/index.php?rest_route=\/wp\/v2\/media\/39992"}],"wp:attachment":[{"href":"https:\/\/zonaroja.com.mx\/index.php?rest_route=%2Fwp%2Fv2%2Fmedia&parent=39993"}],"wp:term":[{"taxonomy":"category","embeddable":true,"href":"https:\/\/zonaroja.com.mx\/index.php?rest_route=%2Fwp%2Fv2%2Fcategories&post=39993"},{"taxonomy":"post_tag","embeddable":true,"href":"https:\/\/zonaroja.com.mx\/index.php?rest_route=%2Fwp%2Fv2%2Ftags&post=39993"}],"curies":[{"name":"wp","href":"https:\/\/api.w.org\/{rel}","templated":true}]}}