{"id":40009,"date":"2022-04-15T07:48:58","date_gmt":"2022-04-15T12:48:58","guid":{"rendered":"http:\/\/www.zonaroja.com.mx\/?p=40009"},"modified":"2022-04-15T07:48:59","modified_gmt":"2022-04-15T12:48:59","slug":"a-falta-de-vigilancia-municipal-segundo-asesinado-esta-semana-en-tehuantepec","status":"publish","type":"post","link":"https:\/\/zonaroja.com.mx\/?p=40009","title":{"rendered":"A falta de vigilancia municipal, segundo asesinado esta semana en Tehuantepec"},"content":{"rendered":"\n<p>Redacci\u00f3n\/Zona Roja.<\/p>\n\n\n\n<p>Oaxaca de Ju\u00e1rez, Oax., 15 de abril de 2022.- A 24 horas de un crimen, en Santo Domingo Tehuantepec fue asesinada otra persona del sexo masculino.<\/p>\n\n\n\n<p>Los hechos ocurrieron anoche en la colonia Benito Ju\u00e1rez de dicho municipio de la regi\u00f3n del Istmo de Oaxaca.<\/p>\n\n\n\n<p>De acuerdo con los primeros reportes policiacos, sujetos armados dispararon en contra de quien fue identificado posteriormente como Alexis, de 24 a\u00f1os de edad, y vecino de la colonia Emiliano Zapata.<\/p>\n\n\n\n<p>Apenas la noche del mi\u00e9rcoles, otra persona del sexo masculino fue asesinada a balazos, en el fraccionamiento La Noria.&nbsp;<\/p>\n\n\n\n<p>En ambos casos no hay detenidos y la polic\u00eda municipal supuestamente efectu\u00f3 operativos de b\u00fasqueda, sin reportar resultados positivos.<\/p>\n","protected":false},"excerpt":{"rendered":"<p>Redacci\u00f3n\/Zona Roja. Oaxaca de Ju\u00e1rez, Oax., 15 de abril de 2022.- A 24 horas de&hellip;<\/p>\n","protected":false},"author":2,"featured_media":5938,"comment_status":"closed","ping_status":"open","sticky":false,"template":"","format":"standard","meta":{"_lmt_disableupdate":"","_lmt_disable":"","_jetpack_memberships_contains_paid_content":false,"footnotes":""},"categories":[109,51],"tags":[125],"class_list":["post-40009","post","type-post","status-publish","format-standard","has-post-thumbnail","hentry","category-minuto-a-minuto","category-zona-roja","tag-santo-domingo-tehuantepec"],"jetpack_featured_media_url":"https:\/\/zonaroja.com.mx\/wp-content\/uploads\/2019\/11\/Escena-del-crimen.jpg","jetpack_sharing_enabled":true,"_links":{"self":[{"href":"https:\/\/zonaroja.com.mx\/index.php?rest_route=\/wp\/v2\/posts\/40009","targetHints":{"allow":["GET"]}}],"collection":[{"href":"https:\/\/zonaroja.com.mx\/index.php?rest_route=\/wp\/v2\/posts"}],"about":[{"href":"https:\/\/zonaroja.com.mx\/index.php?rest_route=\/wp\/v2\/types\/post"}],"author":[{"embeddable":true,"href":"https:\/\/zonaroja.com.mx\/index.php?rest_route=\/wp\/v2\/users\/2"}],"replies":[{"embeddable":true,"href":"https:\/\/zonaroja.com.mx\/index.php?rest_route=%2Fwp%2Fv2%2Fcomments&post=40009"}],"version-history":[{"count":1,"href":"https:\/\/zonaroja.com.mx\/index.php?rest_route=\/wp\/v2\/posts\/40009\/revisions"}],"predecessor-version":[{"id":40010,"href":"https:\/\/zonaroja.com.mx\/index.php?rest_route=\/wp\/v2\/posts\/40009\/revisions\/40010"}],"wp:featuredmedia":[{"embeddable":true,"href":"https:\/\/zonaroja.com.mx\/index.php?rest_route=\/wp\/v2\/media\/5938"}],"wp:attachment":[{"href":"https:\/\/zonaroja.com.mx\/index.php?rest_route=%2Fwp%2Fv2%2Fmedia&parent=40009"}],"wp:term":[{"taxonomy":"category","embeddable":true,"href":"https:\/\/zonaroja.com.mx\/index.php?rest_route=%2Fwp%2Fv2%2Fcategories&post=40009"},{"taxonomy":"post_tag","embeddable":true,"href":"https:\/\/zonaroja.com.mx\/index.php?rest_route=%2Fwp%2Fv2%2Ftags&post=40009"}],"curies":[{"name":"wp","href":"https:\/\/api.w.org\/{rel}","templated":true}]}}