{"id":40011,"date":"2022-04-15T10:50:00","date_gmt":"2022-04-15T15:50:00","guid":{"rendered":"http:\/\/www.zonaroja.com.mx\/?p=40011"},"modified":"2022-04-15T07:51:49","modified_gmt":"2022-04-15T12:51:49","slug":"por-caso-playa-bacocho-solicita-gobierno-de-oaxaca-informe-de-profepa","status":"publish","type":"post","link":"https:\/\/zonaroja.com.mx\/?p=40011","title":{"rendered":"Por caso playa Bacocho, solicita gobierno de Oaxaca informe de Profepa"},"content":{"rendered":"\n<p>Yuridiana Sosa\/Zona Roja.<\/p>\n\n\n\n<p>Oaxaca de Ju\u00e1rez, Oax., 15 de abril de 2022.- La Procuradur\u00eda de Protecci\u00f3n al Ambiente del Estado de Oaxaca (Propaeo) solicit\u00f3 la colaboraci\u00f3n de la Procuradur\u00eda Federal de Protecci\u00f3n al Ambiente (Profepa) para investigar sobre la construcci\u00f3n de un proyecto inmobiliario en la Playa Bacocho, de Puerto Escondido.<\/p>\n\n\n\n<p>La autoridad en Oaxaca reaccion\u00f3 luego de protestas f\u00edsicas y virtuales de ciudadanos y ambientalistas de Puerto Escondido, del municipio de San Pedro Mixtepec, para exigir la intervenci\u00f3n del gobierno estatal para frenar la construcci\u00f3n de 80 departamentos que ponen en riesgo un campamento tortuguero de cuatro especies.<\/p>\n\n\n\n<p>Desde el pasado 29 de marzo, la dependencia estatal solicit\u00f3 a la Profepa, mediante oficio PROPAEO\/SP\/0037\/2022, informaci\u00f3n sobre la construcci\u00f3n, operaci\u00f3n y mantenimiento de dicho desarrollo inmobiliario para conocer su cumple con los t\u00e9rminos y condiciones de la autorizaci\u00f3n n\u00famero UGA-1691-2020 de la Secretar\u00eda del Medio Ambiente y Recursos Naturales (Semarnat).<\/p>\n\n\n\n<p>Dentro de los informes piden indicar si la obra cuenta con la autorizaci\u00f3n de cambio de uso de suelo en materia forestal y si esta abarca playa o zona federal mar\u00edtimo terrestre o terrenos ganados al mar.<\/p>\n\n\n\n<p>La Procuradur\u00eda ambiental en Oaxaca aclar\u00f3, por medio de un comunicado, que es facultad del gobierno federal por medio de la Semarnat otorgar las autorizaciones en materia ambiental debido a que el proyecto se planea dentro de un ecosistema costero.<\/p>\n\n\n\n<p>FRENO PROVISIONAL<\/p>\n\n\n\n<p>Luego de diversas protestas desde finales del mes de marzo por los habitantes de Puerto Escondido, autoridades municipales de San Pedro Mixtepec establecieron una mesa de di\u00e1logo entre las partes involucradas donde se logr\u00f3 un acuerdo de frenar la obra en periodo de Semana Santa.<\/p>\n\n\n\n<p>Por medio de una minuta de acuerdo, se acord\u00f3 que por tres semanas, a partir de la semana pasada, se detuvieran las obras del proyecto inmobiliario de \u201cOxean Para\u00edso Escondido\u201d, para evitar m\u00e1s protestas en periodo vacacional y afectaci\u00f3n de&nbsp;la inversi\u00f3n en este destino tur\u00edstico.<\/p>\n\n\n\n<p>En ese periodo, supuestamente y de acuerdo con autoridades municipales, se revisar\u00e1 la documentaci\u00f3n y permisos, de acuerdo a informaci\u00f3n del medio Meganoticias.&nbsp;<\/p>\n","protected":false},"excerpt":{"rendered":"<p>Yuridiana Sosa\/Zona Roja. Oaxaca de Ju\u00e1rez, Oax., 15 de abril de 2022.- La Procuradur\u00eda de&hellip;<\/p>\n","protected":false},"author":2,"featured_media":39928,"comment_status":"closed","ping_status":"open","sticky":false,"template":"","format":"standard","meta":{"_lmt_disableupdate":"","_lmt_disable":"","_jetpack_memberships_contains_paid_content":false,"footnotes":""},"categories":[109,46],"tags":[3102],"class_list":["post-40011","post","type-post","status-publish","format-standard","has-post-thumbnail","hentry","category-minuto-a-minuto","category-zona-blanca","tag-playa-bacocho-puerto-escondido"],"jetpack_featured_media_url":"https:\/\/zonaroja.com.mx\/wp-content\/uploads\/2022\/04\/Playa-Bacocho-Puerto-Escondido.jpg","jetpack_sharing_enabled":true,"_links":{"self":[{"href":"https:\/\/zonaroja.com.mx\/index.php?rest_route=\/wp\/v2\/posts\/40011","targetHints":{"allow":["GET"]}}],"collection":[{"href":"https:\/\/zonaroja.com.mx\/index.php?rest_route=\/wp\/v2\/posts"}],"about":[{"href":"https:\/\/zonaroja.com.mx\/index.php?rest_route=\/wp\/v2\/types\/post"}],"author":[{"embeddable":true,"href":"https:\/\/zonaroja.com.mx\/index.php?rest_route=\/wp\/v2\/users\/2"}],"replies":[{"embeddable":true,"href":"https:\/\/zonaroja.com.mx\/index.php?rest_route=%2Fwp%2Fv2%2Fcomments&post=40011"}],"version-history":[{"count":1,"href":"https:\/\/zonaroja.com.mx\/index.php?rest_route=\/wp\/v2\/posts\/40011\/revisions"}],"predecessor-version":[{"id":40012,"href":"https:\/\/zonaroja.com.mx\/index.php?rest_route=\/wp\/v2\/posts\/40011\/revisions\/40012"}],"wp:featuredmedia":[{"embeddable":true,"href":"https:\/\/zonaroja.com.mx\/index.php?rest_route=\/wp\/v2\/media\/39928"}],"wp:attachment":[{"href":"https:\/\/zonaroja.com.mx\/index.php?rest_route=%2Fwp%2Fv2%2Fmedia&parent=40011"}],"wp:term":[{"taxonomy":"category","embeddable":true,"href":"https:\/\/zonaroja.com.mx\/index.php?rest_route=%2Fwp%2Fv2%2Fcategories&post=40011"},{"taxonomy":"post_tag","embeddable":true,"href":"https:\/\/zonaroja.com.mx\/index.php?rest_route=%2Fwp%2Fv2%2Ftags&post=40011"}],"curies":[{"name":"wp","href":"https:\/\/api.w.org\/{rel}","templated":true}]}}