{"id":40015,"date":"2022-04-15T13:55:00","date_gmt":"2022-04-15T18:55:00","guid":{"rendered":"http:\/\/www.zonaroja.com.mx\/?p=40015"},"modified":"2022-04-15T07:59:22","modified_gmt":"2022-04-15T12:59:22","slug":"congreso-de-oaxaca-reconoce-a-familias-de-migrantes-como-grupo-vulnerable","status":"publish","type":"post","link":"https:\/\/zonaroja.com.mx\/?p=40015","title":{"rendered":"Congreso de Oaxaca reconoce a familias de migrantes como grupo vulnerable"},"content":{"rendered":"\n<p>Redacci\u00f3n\/Zona Roja.<\/p>\n\n\n\n<p>Oaxaca de Ju\u00e1rez, Oax., 15 de abril de 2022.- La propuesta de la diputada Concepci\u00f3n Rueda G\u00f3mez, que busca reconocer como un grupo vulnerable a las familias de los migrantes y garantizarles su derecho a la asistencia social, fue aprobada en la sesi\u00f3n ordinaria del pasado mi\u00e9rcoles.<\/p>\n\n\n\n<p>Con 23 votos a favor se reform\u00f3 la fracci\u00f3n II del art\u00edculo 8 de la Ley de Desarrollo Social para el Estado de Oaxaca y la fracci\u00f3n IV del art\u00edculo 23 de la Ley del Sistema para el Desarrollo Integral de la Familia del Estado de Oaxaca.&nbsp;<\/p>\n\n\n\n<p>La diputada presidenta de la Comisi\u00f3n de Migraci\u00f3n y Asuntos Internacionales determin\u00f3 que este dictamen permitir\u00e1 dar visibilidad a uno de los grupos m\u00e1s vulnerables de Oaxaca, y representa un acto de justicia para nuestros oaxaque\u00f1os migrantes y sus familias.&nbsp;<\/p>\n\n\n\n<p>A\u00f1adi\u00f3 que dichas reformas abren una puerta para que miles de familias oaxaque\u00f1as, sobre todo ind\u00edgenas, puedan beneficiarse de manera directa con programas y apoyos sociales dise\u00f1ados espec\u00edficamente para atender sus necesidades.<\/p>\n","protected":false},"excerpt":{"rendered":"<p>Redacci\u00f3n\/Zona Roja. Oaxaca de Ju\u00e1rez, Oax., 15 de abril de 2022.- La propuesta de la&hellip;<\/p>\n","protected":false},"author":2,"featured_media":7599,"comment_status":"closed","ping_status":"open","sticky":false,"template":"","format":"standard","meta":{"_lmt_disableupdate":"","_lmt_disable":"","_jetpack_memberships_contains_paid_content":false,"footnotes":""},"categories":[109,46],"tags":[2743],"class_list":["post-40015","post","type-post","status-publish","format-standard","has-post-thumbnail","hentry","category-minuto-a-minuto","category-zona-blanca","tag-65-legislatura-del-estado-de-oaxaca"],"jetpack_featured_media_url":"https:\/\/zonaroja.com.mx\/wp-content\/uploads\/2020\/01\/migrantes2.jpg","jetpack_sharing_enabled":true,"_links":{"self":[{"href":"https:\/\/zonaroja.com.mx\/index.php?rest_route=\/wp\/v2\/posts\/40015","targetHints":{"allow":["GET"]}}],"collection":[{"href":"https:\/\/zonaroja.com.mx\/index.php?rest_route=\/wp\/v2\/posts"}],"about":[{"href":"https:\/\/zonaroja.com.mx\/index.php?rest_route=\/wp\/v2\/types\/post"}],"author":[{"embeddable":true,"href":"https:\/\/zonaroja.com.mx\/index.php?rest_route=\/wp\/v2\/users\/2"}],"replies":[{"embeddable":true,"href":"https:\/\/zonaroja.com.mx\/index.php?rest_route=%2Fwp%2Fv2%2Fcomments&post=40015"}],"version-history":[{"count":1,"href":"https:\/\/zonaroja.com.mx\/index.php?rest_route=\/wp\/v2\/posts\/40015\/revisions"}],"predecessor-version":[{"id":40016,"href":"https:\/\/zonaroja.com.mx\/index.php?rest_route=\/wp\/v2\/posts\/40015\/revisions\/40016"}],"wp:featuredmedia":[{"embeddable":true,"href":"https:\/\/zonaroja.com.mx\/index.php?rest_route=\/wp\/v2\/media\/7599"}],"wp:attachment":[{"href":"https:\/\/zonaroja.com.mx\/index.php?rest_route=%2Fwp%2Fv2%2Fmedia&parent=40015"}],"wp:term":[{"taxonomy":"category","embeddable":true,"href":"https:\/\/zonaroja.com.mx\/index.php?rest_route=%2Fwp%2Fv2%2Fcategories&post=40015"},{"taxonomy":"post_tag","embeddable":true,"href":"https:\/\/zonaroja.com.mx\/index.php?rest_route=%2Fwp%2Fv2%2Ftags&post=40015"}],"curies":[{"name":"wp","href":"https:\/\/api.w.org\/{rel}","templated":true}]}}