{"id":40017,"date":"2022-04-15T08:05:16","date_gmt":"2022-04-15T13:05:16","guid":{"rendered":"http:\/\/www.zonaroja.com.mx\/?p=40017"},"modified":"2022-04-15T08:05:18","modified_gmt":"2022-04-15T13:05:18","slug":"por-respeto-a-semana-santa-hace-salomon-jara-un-receso-de-campana","status":"publish","type":"post","link":"https:\/\/zonaroja.com.mx\/?p=40017","title":{"rendered":"Por respeto a Semana Santa, hace Salom\u00f3n Jara un receso de campa\u00f1a"},"content":{"rendered":"\n<p>Redacci\u00f3n\/Zona Roja.<\/p>\n\n\n\n<p>Oaxaca de Ju\u00e1rez, Oax., 15 de abril de 2022.- El candidato de la coalici\u00f3n \u201cJuntos Hacemos Historia\u201d por la gubernatura de Oaxaca, Salom\u00f3n Jara Cruz, suspendi\u00f3 a partir de la tarde de este jueves 14 de abril, los trabajos y recorridos de su campa\u00f1a pol\u00edtica-electoral, como respeto a las creencias, costumbres y tradiciones de \u00abSemana Santa\u00bb.<\/p>\n\n\n\n<p>La agenda de actividades del candidato de Morena-PT-PVEM-PUP se reanudar\u00e1 el pr\u00f3ximo domingo 17 de abril.<\/p>\n\n\n\n<p>Al contactar a su equipo de trabajo, confirmaron que debido al profundo respeto que tiene Salom\u00f3n Jara hacia la religiosidad, tradiciones, costumbres y cultura de los y las oaxaque\u00f1as, en el marco de las celebraciones de la \u201cSemana Mayor\u201d decidi\u00f3 suspender toda actividad p\u00fablica.<\/p>\n","protected":false},"excerpt":{"rendered":"<p>Redacci\u00f3n\/Zona Roja. Oaxaca de Ju\u00e1rez, Oax., 15 de abril de 2022.- El candidato de la&hellip;<\/p>\n","protected":false},"author":2,"featured_media":40018,"comment_status":"closed","ping_status":"open","sticky":false,"template":"","format":"standard","meta":{"_lmt_disableupdate":"","_lmt_disable":"","_jetpack_memberships_contains_paid_content":false,"footnotes":""},"categories":[109,46],"tags":[939],"class_list":["post-40017","post","type-post","status-publish","format-standard","has-post-thumbnail","hentry","category-minuto-a-minuto","category-zona-blanca","tag-salomon-jara-cruz"],"jetpack_featured_media_url":"https:\/\/zonaroja.com.mx\/wp-content\/uploads\/2022\/04\/Salomon-Jara-campana.jpg","jetpack_sharing_enabled":true,"_links":{"self":[{"href":"https:\/\/zonaroja.com.mx\/index.php?rest_route=\/wp\/v2\/posts\/40017","targetHints":{"allow":["GET"]}}],"collection":[{"href":"https:\/\/zonaroja.com.mx\/index.php?rest_route=\/wp\/v2\/posts"}],"about":[{"href":"https:\/\/zonaroja.com.mx\/index.php?rest_route=\/wp\/v2\/types\/post"}],"author":[{"embeddable":true,"href":"https:\/\/zonaroja.com.mx\/index.php?rest_route=\/wp\/v2\/users\/2"}],"replies":[{"embeddable":true,"href":"https:\/\/zonaroja.com.mx\/index.php?rest_route=%2Fwp%2Fv2%2Fcomments&post=40017"}],"version-history":[{"count":1,"href":"https:\/\/zonaroja.com.mx\/index.php?rest_route=\/wp\/v2\/posts\/40017\/revisions"}],"predecessor-version":[{"id":40019,"href":"https:\/\/zonaroja.com.mx\/index.php?rest_route=\/wp\/v2\/posts\/40017\/revisions\/40019"}],"wp:featuredmedia":[{"embeddable":true,"href":"https:\/\/zonaroja.com.mx\/index.php?rest_route=\/wp\/v2\/media\/40018"}],"wp:attachment":[{"href":"https:\/\/zonaroja.com.mx\/index.php?rest_route=%2Fwp%2Fv2%2Fmedia&parent=40017"}],"wp:term":[{"taxonomy":"category","embeddable":true,"href":"https:\/\/zonaroja.com.mx\/index.php?rest_route=%2Fwp%2Fv2%2Fcategories&post=40017"},{"taxonomy":"post_tag","embeddable":true,"href":"https:\/\/zonaroja.com.mx\/index.php?rest_route=%2Fwp%2Fv2%2Ftags&post=40017"}],"curies":[{"name":"wp","href":"https:\/\/api.w.org\/{rel}","templated":true}]}}