{"id":40023,"date":"2022-04-15T08:18:00","date_gmt":"2022-04-15T13:18:00","guid":{"rendered":"http:\/\/www.zonaroja.com.mx\/?p=40023"},"modified":"2022-04-15T08:18:01","modified_gmt":"2022-04-15T13:18:01","slug":"presenta-aviles-acciones-concretas-para-generar-desarrollo-en-oaxaca","status":"publish","type":"post","link":"https:\/\/zonaroja.com.mx\/?p=40023","title":{"rendered":"Presenta Avil\u00e9s acciones concretas para generar desarrollo en Oaxaca"},"content":{"rendered":"\n<p>Redacci\u00f3n\/Zona Roja.<\/p>\n\n\n\n<p>Oaxaca de Ju\u00e1rez, Oax., 5 de abril de 2022.-&nbsp;A fin de impulsar el bienestar de las familias oaxaque\u00f1as, el candidato del PRI-PRD, Alejandro Avil\u00e9s \u00c1lvarez, present\u00f3 5 acciones principales de su plan de gobierno, para apoyar el bolsillo de jefas de familia, estudiantes, adultos mayores y personas con discapacidad, que pondr\u00e1 en marcha desde el primer d\u00eda de su gobierno.&nbsp;<\/p>\n\n\n\n<p>\u201cS\u00ed perdiste tu chamba y eres jefa o jefe de familia, te daremos un seguro de desempleo, con el que recibir\u00e1s un apoyo econ\u00f3mico de 3 mil pesos durante 3 meses para que puedas salir adelante en lo que encuentras trabajo. Adem\u00e1s, te brindaremos acompa\u00f1amiento, orientaci\u00f3n y capacitaci\u00f3n para que puedas encontrar un nuevo trabajo lo m\u00e1s pronto posible\u201d, destac\u00f3 en sus redes sociales.<\/p>\n\n\n\n<p>De igual manera, el \u201cTriple A\u201d inform\u00f3 que los estudiantes, los adultos mayores y las personas con discapacidad pagar\u00e1n 3 pesos en el transporte p\u00fablico y recibir\u00e1n una tarifa preferencial que se aplicar\u00e1 de manera inmediata, porque se debe apoyar la econom\u00eda de la gente de los grupos que m\u00e1s lo necesitan.<\/p>\n\n\n\n<figure class=\"wp-block-embed is-type-rich is-provider-twitter wp-block-embed-twitter\"><div class=\"wp-block-embed__wrapper\">\n<div class=\"twitter-tweet\"><blockquote class=\"twitter-tweet\" data-lang=\"es\"><p lang=\"es\" dir=\"ltr\"><a href=\"https:\/\/twitter.com\/hashtag\/EleccionesOaxaca2022?src=hash&amp;ref_src=twsrc%5Etfw\">#EleccionesOaxaca2022<\/a> <br>Estas son las cinco principales propuestas que ofrece <a href=\"https:\/\/twitter.com\/_AvilesAlvarez?ref_src=twsrc%5Etfw\">@_AvilesAlvarez<\/a>.<br>\u201cSpara que tengas m\u00e1s dinero en tu bolsillo y puedas salir adelante. \ud83d\udc47<br>Vamos a trabajar de la mano y <a href=\"https:\/\/twitter.com\/hashtag\/AlTriplePorOaxaca?src=hash&amp;ref_src=twsrc%5Etfw\">#AlTriplePorOaxaca<\/a>\u201d, afirma. <a href=\"https:\/\/t.co\/c6CTtg8FtO\">pic.twitter.com\/c6CTtg8FtO<\/a><\/p>&mdash; Zona Roja Oaxaca (@ZonaRoja_Oaxaca) <a href=\"https:\/\/twitter.com\/ZonaRoja_Oaxaca\/status\/1514615079072722959?ref_src=twsrc%5Etfw\">14 de abril de 2022<\/a><\/blockquote><\/div>\n<\/div><\/figure>\n\n\n\n<p>\u201cEl gobierno te pagar\u00e1, a trav\u00e9s de un subsidio, el 30% de tu recibo de luz, de tu recibo de internet de tu casa y del costo de tu tanque de gas. Les brindaremos este apoyo para que ese dinero lo puedan destinar a otros gastos del hogar\u201d, detall\u00f3.<\/p>\n\n\n\n<p>Asimismo, Alejandro Avil\u00e9s adelant\u00f3 que se triplicar\u00e1n el n\u00famero de empleos con la mano de los empresarios y con una fuerte campa\u00f1a de promoci\u00f3n de las bondades de Oaxaca, tanto a nivel nacional como internacional, para que lleguen nuevas empresas que oferten diversas vacantes.<\/p>\n\n\n\n<p>\u201cLas y los universitarios que est\u00e9n en sus \u00faltimos semestres o reci\u00e9n egresados, tendr\u00e1n su primer empleo asegurado. Para ello pondremos en marcha el programa<\/p>\n\n\n\n<p>\u00abTu Primer Empleo\u00bb, con el que trabajaremos de la mano con las universidades, el sector privado y gobierno para que se inserten r\u00e1pidamente en el mercado laboral\u201d, subray\u00f3.&nbsp;<\/p>\n\n\n\n<p>Finalmente, Alejando Avil\u00e9s reiter\u00f3 que al llegar al gobierno de Oaxaca, pondr\u00e1 todo su esfuerzo, compromiso y coraz\u00f3n para que las y los oaxaque\u00f1os tengan dinero en su bolsillo y les alcance al triple.<\/p>\n","protected":false},"excerpt":{"rendered":"<p>Redacci\u00f3n\/Zona Roja. Oaxaca de Ju\u00e1rez, Oax., 5 de abril de 2022.-&nbsp;A fin de impulsar el&hellip;<\/p>\n","protected":false},"author":2,"featured_media":40024,"comment_status":"closed","ping_status":"open","sticky":false,"template":"","format":"standard","meta":{"_lmt_disableupdate":"","_lmt_disable":"","_jetpack_memberships_contains_paid_content":false,"footnotes":""},"categories":[109,46],"tags":[316],"class_list":["post-40023","post","type-post","status-publish","format-standard","has-post-thumbnail","hentry","category-minuto-a-minuto","category-zona-blanca","tag-alejandro-aviles-alvarez"],"jetpack_featured_media_url":"https:\/\/zonaroja.com.mx\/wp-content\/uploads\/2022\/04\/Alejandro-Aviles.jpg","jetpack_sharing_enabled":true,"_links":{"self":[{"href":"https:\/\/zonaroja.com.mx\/index.php?rest_route=\/wp\/v2\/posts\/40023","targetHints":{"allow":["GET"]}}],"collection":[{"href":"https:\/\/zonaroja.com.mx\/index.php?rest_route=\/wp\/v2\/posts"}],"about":[{"href":"https:\/\/zonaroja.com.mx\/index.php?rest_route=\/wp\/v2\/types\/post"}],"author":[{"embeddable":true,"href":"https:\/\/zonaroja.com.mx\/index.php?rest_route=\/wp\/v2\/users\/2"}],"replies":[{"embeddable":true,"href":"https:\/\/zonaroja.com.mx\/index.php?rest_route=%2Fwp%2Fv2%2Fcomments&post=40023"}],"version-history":[{"count":1,"href":"https:\/\/zonaroja.com.mx\/index.php?rest_route=\/wp\/v2\/posts\/40023\/revisions"}],"predecessor-version":[{"id":40025,"href":"https:\/\/zonaroja.com.mx\/index.php?rest_route=\/wp\/v2\/posts\/40023\/revisions\/40025"}],"wp:featuredmedia":[{"embeddable":true,"href":"https:\/\/zonaroja.com.mx\/index.php?rest_route=\/wp\/v2\/media\/40024"}],"wp:attachment":[{"href":"https:\/\/zonaroja.com.mx\/index.php?rest_route=%2Fwp%2Fv2%2Fmedia&parent=40023"}],"wp:term":[{"taxonomy":"category","embeddable":true,"href":"https:\/\/zonaroja.com.mx\/index.php?rest_route=%2Fwp%2Fv2%2Fcategories&post=40023"},{"taxonomy":"post_tag","embeddable":true,"href":"https:\/\/zonaroja.com.mx\/index.php?rest_route=%2Fwp%2Fv2%2Ftags&post=40023"}],"curies":[{"name":"wp","href":"https:\/\/api.w.org\/{rel}","templated":true}]}}