{"id":40039,"date":"2022-04-17T11:53:00","date_gmt":"2022-04-17T16:53:00","guid":{"rendered":"http:\/\/www.zonaroja.com.mx\/?p=40039"},"modified":"2022-04-17T06:46:39","modified_gmt":"2022-04-17T11:46:39","slug":"el-corredor-transistmico-modernizara-vias-de-comunicacion-senalan-ong","status":"publish","type":"post","link":"https:\/\/zonaroja.com.mx\/?p=40039","title":{"rendered":"El Corredor Trans\u00edstmico modernizar\u00e1 v\u00edas de comunicaci\u00f3n, se\u00f1alan ONG"},"content":{"rendered":"\n<p>Redacci\u00f3n\/Zona Roja Cdmx.<\/p>\n\n\n\n<p>Ciudad de M\u00e9xico, 17 de abril de 2022.- El Corredor Trans\u00edstmico es el \u201cmegaproyecto principal\u201d del actual gobierno, pues implica la ampliaci\u00f3n y modernizaci\u00f3n de diversas rutas de trenes y autopistas que conectan los oc\u00e9anos Atl\u00e1ntico y Pac\u00edfico a la altura del Istmo de Tehuantepec, adem\u00e1s de la instalaci\u00f3n de decenas de parques industriales para hacer una \u201cextracci\u00f3n masiva\u201d de los recursos naturales de la zona.<\/p>\n\n\n\n<p>As\u00ed lo advirtieron los integrantes de organizaciones civiles y populares, quienes afirmaron que muchas comunidades ya han manifestado su oposici\u00f3n a dicha iniciativa y se organizan para rechazarla, por los da\u00f1os sociales y medioambientales que implicar\u00eda.<\/p>\n\n\n\n<p>Durante un foro virtual organizado ayer como parte de la Caravana por el Agua y la Vida, Marco Vidal, integrante de la Asamblea de los Pueblos Ind\u00edgenas del Istmo en Defensa de la Tierra y el Territorio, explic\u00f3 que el Corredor Trans\u00edstmico impulsa la modernizaci\u00f3n de las v\u00edas f\u00e9rreas en ciudades como Salina Cruz, Coatzacoalcos, Palenque, Ixhuatl\u00e1n y Tehuantepec, adem\u00e1s de las autopistas de la zona en Oaxaca.<\/p>\n\n\n\n<p>(Informaci\u00f3n de \u201cLa Jornada\u201d)<\/p>\n","protected":false},"excerpt":{"rendered":"<p>Redacci\u00f3n\/Zona Roja Cdmx. Ciudad de M\u00e9xico, 17 de abril de 2022.- El Corredor Trans\u00edstmico es&hellip;<\/p>\n","protected":false},"author":2,"featured_media":29894,"comment_status":"closed","ping_status":"open","sticky":false,"template":"","format":"standard","meta":{"_lmt_disableupdate":"","_lmt_disable":"","_jetpack_memberships_contains_paid_content":false,"footnotes":""},"categories":[109,47],"tags":[2917],"class_list":["post-40039","post","type-post","status-publish","format-standard","has-post-thumbnail","hentry","category-minuto-a-minuto","category-zona-gris","tag-corredor-interoceanico-oaxaca"],"jetpack_featured_media_url":"https:\/\/zonaroja.com.mx\/wp-content\/uploads\/2021\/07\/Corredor-tren-Transistmico.jpg","jetpack_sharing_enabled":true,"_links":{"self":[{"href":"https:\/\/zonaroja.com.mx\/index.php?rest_route=\/wp\/v2\/posts\/40039","targetHints":{"allow":["GET"]}}],"collection":[{"href":"https:\/\/zonaroja.com.mx\/index.php?rest_route=\/wp\/v2\/posts"}],"about":[{"href":"https:\/\/zonaroja.com.mx\/index.php?rest_route=\/wp\/v2\/types\/post"}],"author":[{"embeddable":true,"href":"https:\/\/zonaroja.com.mx\/index.php?rest_route=\/wp\/v2\/users\/2"}],"replies":[{"embeddable":true,"href":"https:\/\/zonaroja.com.mx\/index.php?rest_route=%2Fwp%2Fv2%2Fcomments&post=40039"}],"version-history":[{"count":2,"href":"https:\/\/zonaroja.com.mx\/index.php?rest_route=\/wp\/v2\/posts\/40039\/revisions"}],"predecessor-version":[{"id":40083,"href":"https:\/\/zonaroja.com.mx\/index.php?rest_route=\/wp\/v2\/posts\/40039\/revisions\/40083"}],"wp:featuredmedia":[{"embeddable":true,"href":"https:\/\/zonaroja.com.mx\/index.php?rest_route=\/wp\/v2\/media\/29894"}],"wp:attachment":[{"href":"https:\/\/zonaroja.com.mx\/index.php?rest_route=%2Fwp%2Fv2%2Fmedia&parent=40039"}],"wp:term":[{"taxonomy":"category","embeddable":true,"href":"https:\/\/zonaroja.com.mx\/index.php?rest_route=%2Fwp%2Fv2%2Fcategories&post=40039"},{"taxonomy":"post_tag","embeddable":true,"href":"https:\/\/zonaroja.com.mx\/index.php?rest_route=%2Fwp%2Fv2%2Ftags&post=40039"}],"curies":[{"name":"wp","href":"https:\/\/api.w.org\/{rel}","templated":true}]}}