{"id":40041,"date":"2022-04-16T09:54:00","date_gmt":"2022-04-16T14:54:00","guid":{"rendered":"http:\/\/www.zonaroja.com.mx\/?p=40041"},"modified":"2022-04-16T06:56:47","modified_gmt":"2022-04-16T11:56:47","slug":"se-necesitarian-120-anos-para-identificar-cuerpos-de-desaparecidos-en-mexico-onu","status":"publish","type":"post","link":"https:\/\/zonaroja.com.mx\/?p=40041","title":{"rendered":"Se necesitar\u00edan 120 a\u00f1os para identificar cuerpos de desaparecidos en M\u00e9xico: ONU"},"content":{"rendered":"\n<p>Redacci\u00f3n\/Zona Roja Cdmx.<\/p>\n\n\n\n<p>Ciudad de M\u00e9xico, 16 de abril de 2022.- El Comit\u00e9 Contra las Desapariciones Forzadas (CED) de la Organizaci\u00f3n de Naciones Unidas (ONU) dio a conocer que \u201cen las actuales condiciones ser\u00edan necesarios 120 a\u00f1os para identificarlos (a las personas), sin contar los nuevos cuerpos que se van sumando cada d\u00eda\u201d.<\/p>\n\n\n\n<p>Dentro de los hallazgos de la visita de una delegaci\u00f3n de la ONU a M\u00e9xico, el CED encontr\u00f3 que hay una profunda crisis forense en el pa\u00eds.<\/p>\n\n\n\n<p>Seg\u00fan el comit\u00e9, actualmente hay m\u00e1s de 52 mil personas fallecidas sin identificar que yacen en fosas comunes, servicios forenses, universidades y centros de resguardo.<\/p>\n\n\n\n<p>El CED especifica que \u201cesta cifra, a pesar de su magnitud, no incluye los cuerpos todav\u00eda no localizados, ni los miles de fragmentos de restos humanos que las familias y comisiones de b\u00fasqueda recogen semanalmente en las fosas clandestinas\u201d.<\/p>\n\n\n\n<p>Dentro de la publicaci\u00f3n de sus resultados, encontraron que en los estados de Baja California, Ciudad de M\u00e9xico, Estado de M\u00e9xico, Jalisco, Chihuahua, Tamaulipas y Nuevo Le\u00f3n concentran el 71.73 por ciento de los cuerpos no identificados.<\/p>\n\n\n\n<p>Para el comit\u00e9 es preocupante que \u201cvarios de los instrumentos previstos en la Ley General (Ley General en Materia de Desaparici\u00f3n Forzada de Personas) todav\u00eda no han sido establecidos y no se cuenta con una pol\u00edtica p\u00fablica de identificaci\u00f3n humana en relaci\u00f3n con la desaparici\u00f3n de personas\u201d.<\/p>\n\n\n\n<p>Durante noviembre del a\u00f1o pasado, una delegaci\u00f3n de la CED visit\u00f3 el pa\u00eds para evaluar las acciones que se est\u00e1n tomando para castigar y prevenir las desapariciones forzadas. Este martes presentaron los resultados.<\/p>\n\n\n\n<p>(Informaci\u00f3n de \u201cEl Financiero\u201d)<\/p>\n","protected":false},"excerpt":{"rendered":"<p>Redacci\u00f3n\/Zona Roja Cdmx. Ciudad de M\u00e9xico, 16 de abril de 2022.- El Comit\u00e9 Contra las&hellip;<\/p>\n","protected":false},"author":2,"featured_media":36304,"comment_status":"closed","ping_status":"open","sticky":false,"template":"","format":"standard","meta":{"_lmt_disableupdate":"","_lmt_disable":"","_jetpack_memberships_contains_paid_content":false,"footnotes":""},"categories":[109,47],"tags":[],"class_list":["post-40041","post","type-post","status-publish","format-standard","has-post-thumbnail","hentry","category-minuto-a-minuto","category-zona-gris"],"jetpack_featured_media_url":"https:\/\/zonaroja.com.mx\/wp-content\/uploads\/2022\/01\/Desaparecidos-busqueda-de-personas.jpg","jetpack_sharing_enabled":true,"_links":{"self":[{"href":"https:\/\/zonaroja.com.mx\/index.php?rest_route=\/wp\/v2\/posts\/40041","targetHints":{"allow":["GET"]}}],"collection":[{"href":"https:\/\/zonaroja.com.mx\/index.php?rest_route=\/wp\/v2\/posts"}],"about":[{"href":"https:\/\/zonaroja.com.mx\/index.php?rest_route=\/wp\/v2\/types\/post"}],"author":[{"embeddable":true,"href":"https:\/\/zonaroja.com.mx\/index.php?rest_route=\/wp\/v2\/users\/2"}],"replies":[{"embeddable":true,"href":"https:\/\/zonaroja.com.mx\/index.php?rest_route=%2Fwp%2Fv2%2Fcomments&post=40041"}],"version-history":[{"count":1,"href":"https:\/\/zonaroja.com.mx\/index.php?rest_route=\/wp\/v2\/posts\/40041\/revisions"}],"predecessor-version":[{"id":40042,"href":"https:\/\/zonaroja.com.mx\/index.php?rest_route=\/wp\/v2\/posts\/40041\/revisions\/40042"}],"wp:featuredmedia":[{"embeddable":true,"href":"https:\/\/zonaroja.com.mx\/index.php?rest_route=\/wp\/v2\/media\/36304"}],"wp:attachment":[{"href":"https:\/\/zonaroja.com.mx\/index.php?rest_route=%2Fwp%2Fv2%2Fmedia&parent=40041"}],"wp:term":[{"taxonomy":"category","embeddable":true,"href":"https:\/\/zonaroja.com.mx\/index.php?rest_route=%2Fwp%2Fv2%2Fcategories&post=40041"},{"taxonomy":"post_tag","embeddable":true,"href":"https:\/\/zonaroja.com.mx\/index.php?rest_route=%2Fwp%2Fv2%2Ftags&post=40041"}],"curies":[{"name":"wp","href":"https:\/\/api.w.org\/{rel}","templated":true}]}}