{"id":40057,"date":"2022-04-16T07:55:55","date_gmt":"2022-04-16T12:55:55","guid":{"rendered":"http:\/\/www.zonaroja.com.mx\/?p=40057"},"modified":"2022-04-16T07:55:56","modified_gmt":"2022-04-16T12:55:56","slug":"se-suman-senadoras-a-demanda-de-justicia-por-feminicidio-de-frida-alondra","status":"publish","type":"post","link":"https:\/\/zonaroja.com.mx\/?p=40057","title":{"rendered":"Se suman senadoras a demanda de justicia por feminicidio de Frida Alondra"},"content":{"rendered":"\n<p>Yuridiana Sosa\/Zona Roja.<\/p>\n\n\n\n<p>Oaxaca de Ju\u00e1rez, Oax. 16 de abril de 2022.- Las senadoras Susana Harp Iturribarria y Mar\u00eda Celeste S\u00e1nchez Sug\u00eda demandaron a la Fiscal\u00eda General del Estado de Oaxaca justicia por el feminicidio de Frida Alondra R. I., localizada sin vida en el municipio de San Juan Bautista Lo de Soto, en la regi\u00f3n de la Costa, el pasado 12 de abril.<\/p>\n\n\n\n<p>Para la investigaci\u00f3n del caso, registrado en la carpeta 12661\/FCOS\/PINOTEPA\/2022, las senadoras exigen que se realice con celeridad, perspectiva de g\u00e9nero y se consideren factores importantes como las formas en que se efectu\u00f3 el crimen, la edad, origen \u00e9tnico y condici\u00f3n social de la v\u00edctima.<\/p>\n\n\n\n<p>As\u00ed tambi\u00e9n, pidieron a la Fiscal\u00eda de Oaxaca coordinar actividades correspondientes a las indagatorias con el gobierno de Guerrero, entidad a la que pertenece el municipio de Cuajinicuilapa, de donde era originaria la adolescente de 13 a\u00f1os de edad.&nbsp;<\/p>\n\n\n\n<p>Adem\u00e1s, llamaron a que ambas autoridades estatales de Oaxaca y Guerrero garanticen a los familiares de Fridda Alondra los derechos que les asisten como v\u00edctimas.<\/p>\n\n\n\n<p>Las legisladoras consideraron necesario que los avances de la investigaci\u00f3n deben ser informados a la ciudadan\u00eda con el fin que este feminicidio no pase desapercibido y se busque prevenir la repetici\u00f3n de este tipo de cr\u00edmenes.<\/p>\n\n\n\n<p>Tras este hecho y ante decenas de otros feminicidios en Oaxaca, lamentaron las altas cifras a pasar que en agosto de 2018 se declar\u00f3 la Alerta de Violencia de G\u00e9nero.<\/p>\n\n\n\n<p>De acuerdo con el Secretariado Ejecutivo del Sistema Nacional de Seguridad P\u00fablica (SESNSP), en 2021 se registraron 43 feminicidio en territorio oaxaque\u00f1o y en el transcurso de enero y febrero 11 casos.<\/p>\n","protected":false},"excerpt":{"rendered":"<p>Yuridiana Sosa\/Zona Roja. Oaxaca de Ju\u00e1rez, Oax. 16 de abril de 2022.- Las senadoras Susana&hellip;<\/p>\n","protected":false},"author":2,"featured_media":40045,"comment_status":"closed","ping_status":"open","sticky":false,"template":"","format":"standard","meta":{"_lmt_disableupdate":"","_lmt_disable":"","_jetpack_memberships_contains_paid_content":false,"footnotes":""},"categories":[109,46],"tags":[3103,1685],"class_list":["post-40057","post","type-post","status-publish","format-standard","has-post-thumbnail","hentry","category-minuto-a-minuto","category-zona-blanca","tag-frida-alondra-cuajuinicuilapa-lo-de-soto","tag-susana-harp-iturribarria"],"jetpack_featured_media_url":"https:\/\/zonaroja.com.mx\/wp-content\/uploads\/2022\/04\/Carta-Senado-caso-Frida-Alondra-Susana-Harp.jpg","jetpack_sharing_enabled":true,"_links":{"self":[{"href":"https:\/\/zonaroja.com.mx\/index.php?rest_route=\/wp\/v2\/posts\/40057","targetHints":{"allow":["GET"]}}],"collection":[{"href":"https:\/\/zonaroja.com.mx\/index.php?rest_route=\/wp\/v2\/posts"}],"about":[{"href":"https:\/\/zonaroja.com.mx\/index.php?rest_route=\/wp\/v2\/types\/post"}],"author":[{"embeddable":true,"href":"https:\/\/zonaroja.com.mx\/index.php?rest_route=\/wp\/v2\/users\/2"}],"replies":[{"embeddable":true,"href":"https:\/\/zonaroja.com.mx\/index.php?rest_route=%2Fwp%2Fv2%2Fcomments&post=40057"}],"version-history":[{"count":1,"href":"https:\/\/zonaroja.com.mx\/index.php?rest_route=\/wp\/v2\/posts\/40057\/revisions"}],"predecessor-version":[{"id":40058,"href":"https:\/\/zonaroja.com.mx\/index.php?rest_route=\/wp\/v2\/posts\/40057\/revisions\/40058"}],"wp:featuredmedia":[{"embeddable":true,"href":"https:\/\/zonaroja.com.mx\/index.php?rest_route=\/wp\/v2\/media\/40045"}],"wp:attachment":[{"href":"https:\/\/zonaroja.com.mx\/index.php?rest_route=%2Fwp%2Fv2%2Fmedia&parent=40057"}],"wp:term":[{"taxonomy":"category","embeddable":true,"href":"https:\/\/zonaroja.com.mx\/index.php?rest_route=%2Fwp%2Fv2%2Fcategories&post=40057"},{"taxonomy":"post_tag","embeddable":true,"href":"https:\/\/zonaroja.com.mx\/index.php?rest_route=%2Fwp%2Fv2%2Ftags&post=40057"}],"curies":[{"name":"wp","href":"https:\/\/api.w.org\/{rel}","templated":true}]}}