{"id":40065,"date":"2022-04-16T19:26:11","date_gmt":"2022-04-17T00:26:11","guid":{"rendered":"https:\/\/www.zonaroja.com.mx\/?p=40065"},"modified":"2022-04-16T19:26:12","modified_gmt":"2022-04-17T00:26:12","slug":"madres-de-desaparecidos-exigen-busquedas-efectivas-contabilizan-mas-de-380-casos","status":"publish","type":"post","link":"https:\/\/zonaroja.com.mx\/?p=40065","title":{"rendered":"Madres de desaparecidos exigen b\u00fasquedas efectivas; contabilizan m\u00e1s de 380 casos"},"content":{"rendered":"\n<p>Yuridiana Sosa\/Zona Roja.<\/p>\n\n\n\n<p>Oaxaca de Ju\u00e1rez, Oax., 16 de abril de 2022.- Madres, hijas, hermanas, esposas, de hombres y mujeres que han desaparecido en Oaxaca protestaron este s\u00e1bado en la capital del estado, para denunciar \u201cla desesperante e incompresible\u201ddesatenci\u00f3n de la Fiscal\u00eda General del Estado a decenas de casos para localizar a sus familiares.<\/p>\n\n\n\n<p>Frente a la explanada del antiguo convento de Santo Domingo de Guzm\u00e1n,&nbsp; el colectivo \u201cOaxaque\u00f1o Buscando a los Nuestros A.C\u201d, integrado principalmente por mujeres, tambi\u00e9n convoc\u00f3 a m\u00e1s familias que sufren esta condici\u00f3n para unirse en la exigencia de localizaci\u00f3n de sus seres queridos.<\/p>\n\n\n\n<p>\u201c\u00bfFiscal, d\u00f3nde est\u00e1n nuestros desaparecidos?\u201d, cuestionaron&nbsp;p\u00fablicamente a Arturo Peimbert Calvo por medio de&nbsp; cartelones y quien aseguran les ha negado y cancelado a las mujeres una mesa de di\u00e1logo donde se abordar\u00eda el tema de la percepci\u00f3n de la dilaci\u00f3n de los trabajos de b\u00fasqueda.<\/p>\n\n\n\n<p>La se\u00f1ora Auria Cruz Cruz, madre de Juventino Cruz, desaparecido hace ocho meses, expuso la falta de atenci\u00f3n que decenas de familias sufren por parte de las autoridades, pues en este tiempo no existe ning\u00fan tipo de informaci\u00f3n sobre el paradero de su hijo, ni siquiera tiene la certeza de el gobierno efect\u00fae su b\u00fasqueda.<\/p>\n\n\n\n<p>Son al menos unos 380 casos de hombres, mujeres, infantes y adolescentes que han desaparecido en Oaxaca en el transcurso de 2018 a la fecha, se\u00f1al\u00f3 el colectivo, el cual apunt\u00f3 que la manifestaci\u00f3n es el \u00fanico medio que encuentran para ser escuchados.<\/p>\n\n\n\n<p>\u201c\u00a1No buscamos culpables, buscamos a nuestros desaparecidos, a todos los que nos hacen falta en casa!\u201d sentenci\u00f3 el grupo de mujeres, quienes colocaron sobre el andador tur\u00edstico, frente a Santo Domingo, los rostros y datos de sus familiares desaparecidos.<\/p>\n\n\n\n<p>El colectivo lament\u00f3 que la violencia y delincuencia ha rebasado las capacidades del gobierno para mantener a salvo a las familias oaxaque\u00f1as, quienes de manera m\u00e1s frecuente sufren por las desapariciones de sus seres queridos.&nbsp;<\/p>\n\n\n\n<p>\u201c\u00a1Hijo escucha, tu madre est\u00e1 en la lucha!, \u00a1Hermano escucha, tu hermana est\u00e1 en la lucha!, \u00a1Pap\u00e1 escucha, tu hija est\u00e1 en la lucha!\u201d expresaron las integrantes del colectivo durante la protesta, en la que tambi\u00e9n realizaron una caminata sobre el Andador Macedonio Alcal\u00e1 hasta llegar al z\u00f3calo.<\/p>\n","protected":false},"excerpt":{"rendered":"<p>Yuridiana Sosa\/Zona Roja. Oaxaca de Ju\u00e1rez, Oax., 16 de abril de 2022.- Madres, hijas, hermanas,&hellip;<\/p>\n","protected":false},"author":2,"featured_media":40064,"comment_status":"closed","ping_status":"open","sticky":false,"template":"","format":"standard","meta":{"_lmt_disableupdate":"","_lmt_disable":"","_jetpack_memberships_contains_paid_content":false,"footnotes":""},"categories":[109,47],"tags":[],"class_list":["post-40065","post","type-post","status-publish","format-standard","has-post-thumbnail","hentry","category-minuto-a-minuto","category-zona-gris"],"jetpack_featured_media_url":"https:\/\/zonaroja.com.mx\/wp-content\/uploads\/2022\/04\/b7f780b6-f2d7-47fc-824f-6e87de4efb18.jpg","jetpack_sharing_enabled":true,"_links":{"self":[{"href":"https:\/\/zonaroja.com.mx\/index.php?rest_route=\/wp\/v2\/posts\/40065","targetHints":{"allow":["GET"]}}],"collection":[{"href":"https:\/\/zonaroja.com.mx\/index.php?rest_route=\/wp\/v2\/posts"}],"about":[{"href":"https:\/\/zonaroja.com.mx\/index.php?rest_route=\/wp\/v2\/types\/post"}],"author":[{"embeddable":true,"href":"https:\/\/zonaroja.com.mx\/index.php?rest_route=\/wp\/v2\/users\/2"}],"replies":[{"embeddable":true,"href":"https:\/\/zonaroja.com.mx\/index.php?rest_route=%2Fwp%2Fv2%2Fcomments&post=40065"}],"version-history":[{"count":1,"href":"https:\/\/zonaroja.com.mx\/index.php?rest_route=\/wp\/v2\/posts\/40065\/revisions"}],"predecessor-version":[{"id":40066,"href":"https:\/\/zonaroja.com.mx\/index.php?rest_route=\/wp\/v2\/posts\/40065\/revisions\/40066"}],"wp:featuredmedia":[{"embeddable":true,"href":"https:\/\/zonaroja.com.mx\/index.php?rest_route=\/wp\/v2\/media\/40064"}],"wp:attachment":[{"href":"https:\/\/zonaroja.com.mx\/index.php?rest_route=%2Fwp%2Fv2%2Fmedia&parent=40065"}],"wp:term":[{"taxonomy":"category","embeddable":true,"href":"https:\/\/zonaroja.com.mx\/index.php?rest_route=%2Fwp%2Fv2%2Fcategories&post=40065"},{"taxonomy":"post_tag","embeddable":true,"href":"https:\/\/zonaroja.com.mx\/index.php?rest_route=%2Fwp%2Fv2%2Ftags&post=40065"}],"curies":[{"name":"wp","href":"https:\/\/api.w.org\/{rel}","templated":true}]}}