{"id":40073,"date":"2022-04-16T20:38:45","date_gmt":"2022-04-17T01:38:45","guid":{"rendered":"http:\/\/www.zonaroja.com.mx\/?p=40073"},"modified":"2022-04-16T20:38:46","modified_gmt":"2022-04-17T01:38:46","slug":"despues-de-24-horas-controlan-incendio-en-refineria-de-pemex-en-salina-cruz","status":"publish","type":"post","link":"https:\/\/zonaroja.com.mx\/?p=40073","title":{"rendered":"Despu\u00e9s de 24 horas, controlan incendio en refiner\u00eda de Pemex en Salina Cruz"},"content":{"rendered":"\n<p>Redacci\u00f3n\/Zona Roja.<\/p>\n\n\n\n<p>Oaxaca de Ju\u00e1rez, Oax. 16 de abril de 2022.- Luego de 24 horas, finalmente fue controlado el fuego que surgi\u00f3 ayer por la tarde en un tanque de almacenamiento de la refiner\u00eda de Petr\u00f3leos Mexicanos (Pemex) en Salina Cruz, Oaxaca.<\/p>\n\n\n\n<p>Seg\u00fan la Coordinaci\u00f3n Estatal de Protecci\u00f3n Civil de Oaxaca (CEPCO), por el momento ya no hay riesgo para la poblaci\u00f3n; sin embargo com medida preventiva fue restringido el acceso a la refiner\u00eda \u201cIng. Antonio Doval\u00ed Jaime\u201d.<\/p>\n\n\n\n<p>En un comunicado, el Gobierno del Estado detall\u00f3 que el fuego fue controlado gracias al trabajo conjunto y estrecho realizado con personal de Petr\u00f3leos Mexicanos (Pemex), de la Secretar\u00eda de Marina (Semar), autoridades municipales y de Protecci\u00f3n Civil del mismo puerto de Salina Cruz.&nbsp;<\/p>\n\n\n\n<p>De acuerdo con la dependencia, el incendio comenz\u00f3 ayer 15 de abril, aproximadamente a las cinco de la tarde en un tanque de almacenamiento de gasolina regular \u201cTV-102\u201d, ubicado en el \u00e1rea de Almacenamiento y Bombeo, mismo que fue controlado horas despu\u00e9s por el equipo contra incendios de Pemex, con el apoyo del personal de la Semar.&nbsp;<\/p>\n\n\n\n<p>Sin embargo, a las cuatro de la ma\u00f1ana de este s\u00e1bado, el fuego se reactiv\u00f3, por lo que se suspendieron las operaciones de todas las plantas de la refiner\u00eda y se activaron los protocolos correspondientes para impedir el acceso de personal externo.&nbsp;<\/p>\n\n\n\n<p>Ante el siniestro registrado, la CEPCO a trav\u00e9s de su delegaci\u00f3n regional, la Polic\u00eda Vial Estatal y las Polic\u00edas Estatales y municipales, implementaron un operativo para resguardar a la poblaci\u00f3n, como medida de prevenci\u00f3n, restringiendo el acceso a inmediaciones de la refiner\u00eda.&nbsp;<\/p>\n\n\n\n<p>Asimismo, se previ\u00f3 el auditorio municipal y otro espacio m\u00e1s como albergues provisionales, as\u00ed como 12 autobuses urbanos de Salina Cruz, para evacuar a 150 familias que habitan en Boca del R\u00edo, al oriente de la refiner\u00eda en caso de ser necesario.&nbsp;<\/p>\n\n\n\n<p>Al momento, personal de la CEPCO seguir\u00e1 manteniendo la coordinaci\u00f3n con las dem\u00e1s instancias que han participado en este hecho, para prevenir afectaciones a la poblaci\u00f3n y ante cualquier eventualidad que se pudiera registrar.<\/p>\n","protected":false},"excerpt":{"rendered":"<p>Redacci\u00f3n\/Zona Roja. Oaxaca de Ju\u00e1rez, Oax. 16 de abril de 2022.- Luego de 24 horas,&hellip;<\/p>\n","protected":false},"author":2,"featured_media":40074,"comment_status":"closed","ping_status":"open","sticky":false,"template":"","format":"standard","meta":{"_lmt_disableupdate":"","_lmt_disable":"","_jetpack_memberships_contains_paid_content":false,"footnotes":""},"categories":[109,47],"tags":[2341],"class_list":["post-40073","post","type-post","status-publish","format-standard","has-post-thumbnail","hentry","category-minuto-a-minuto","category-zona-gris","tag-refineria-ing-antonio-dovali-jaime-salina-cruz"],"jetpack_featured_media_url":"https:\/\/zonaroja.com.mx\/wp-content\/uploads\/2022\/04\/Incendio-refineria-Salina-Cruz.jpeg","jetpack_sharing_enabled":true,"_links":{"self":[{"href":"https:\/\/zonaroja.com.mx\/index.php?rest_route=\/wp\/v2\/posts\/40073","targetHints":{"allow":["GET"]}}],"collection":[{"href":"https:\/\/zonaroja.com.mx\/index.php?rest_route=\/wp\/v2\/posts"}],"about":[{"href":"https:\/\/zonaroja.com.mx\/index.php?rest_route=\/wp\/v2\/types\/post"}],"author":[{"embeddable":true,"href":"https:\/\/zonaroja.com.mx\/index.php?rest_route=\/wp\/v2\/users\/2"}],"replies":[{"embeddable":true,"href":"https:\/\/zonaroja.com.mx\/index.php?rest_route=%2Fwp%2Fv2%2Fcomments&post=40073"}],"version-history":[{"count":1,"href":"https:\/\/zonaroja.com.mx\/index.php?rest_route=\/wp\/v2\/posts\/40073\/revisions"}],"predecessor-version":[{"id":40075,"href":"https:\/\/zonaroja.com.mx\/index.php?rest_route=\/wp\/v2\/posts\/40073\/revisions\/40075"}],"wp:featuredmedia":[{"embeddable":true,"href":"https:\/\/zonaroja.com.mx\/index.php?rest_route=\/wp\/v2\/media\/40074"}],"wp:attachment":[{"href":"https:\/\/zonaroja.com.mx\/index.php?rest_route=%2Fwp%2Fv2%2Fmedia&parent=40073"}],"wp:term":[{"taxonomy":"category","embeddable":true,"href":"https:\/\/zonaroja.com.mx\/index.php?rest_route=%2Fwp%2Fv2%2Fcategories&post=40073"},{"taxonomy":"post_tag","embeddable":true,"href":"https:\/\/zonaroja.com.mx\/index.php?rest_route=%2Fwp%2Fv2%2Ftags&post=40073"}],"curies":[{"name":"wp","href":"https:\/\/api.w.org\/{rel}","templated":true}]}}