{"id":40076,"date":"2022-04-16T20:42:17","date_gmt":"2022-04-17T01:42:17","guid":{"rendered":"http:\/\/www.zonaroja.com.mx\/?p=40076"},"modified":"2022-04-16T20:42:19","modified_gmt":"2022-04-17T01:42:19","slug":"detiene-policia-estatal-a-presunto-lider-de-celula-delictiva-en-la-cuenca","status":"publish","type":"post","link":"https:\/\/zonaroja.com.mx\/?p=40076","title":{"rendered":"Detiene Polic\u00eda Estatal a presunto l\u00edder de c\u00e9lula delictiva en la Cuenca"},"content":{"rendered":"\n<p>Redacci\u00f3n\/Zona Roja.<\/p>\n\n\n\n<p>Oaxaca de Ju\u00e1rez, Oax., 16 de abril de 2022.- Personal de la Polic\u00eda Estatal detuvo este s\u00e1bado a Erick \u201cN\u201d, alias \u00abEl Flaco\u00bb o \u201cEl Loco\u00bb considerado, presuntamente, uno de los objetivos prioritarios de la c\u00e9lula delictiva del C\u00e1rtel Jalisco Nueva Generaci\u00f3n en la regi\u00f3n de la Cuenca del Papaloapan.&nbsp;<\/p>\n\n\n\n<p>El masculino de 24 a\u00f1os de edad fue asegurado por los uniformados en coordinaci\u00f3n con la Guardia Nacional, la Sedena y Polic\u00eda Municipal en San Juan Bautista Tuxtepec, junto con \u00e9l se aseguraron una pistola calibre 9 mm., 4 cargadores y 52 cartuchos del mismo calibre.&nbsp;<\/p>\n\n\n\n<p>De acuerdo con su historial delictivo, es considerado de alta peligrosidad y podr\u00eda estar relacionado con los hechos violentos de San Miguel Soyaltepec, as\u00ed como en la incursi\u00f3n armada a las instalaciones del municipio de San Jos\u00e9 Independencia.&nbsp;<\/p>\n\n\n\n<p>Asimismo, se le imputan cargos por presunta participaci\u00f3n en delitos como extorsi\u00f3n, secuestros y homicidio; este mismo d\u00eda fue puesto a disposici\u00f3n de la Fiscal\u00eda General del Estado.&nbsp;<\/p>\n\n\n\n<p>Trascendi\u00f3 tambi\u00e9n que el pasado 15 de abril las corporaciones de seguridad p\u00fablica detuvieron a dos sujetos m\u00e1s en Acatl\u00e1n de P\u00e9rez Figueroa, por presunta violaci\u00f3n a la Ley Federal de Armas y Explosivos.<\/p>\n","protected":false},"excerpt":{"rendered":"<p>Redacci\u00f3n\/Zona Roja. Oaxaca de Ju\u00e1rez, Oax., 16 de abril de 2022.- Personal de la Polic\u00eda&hellip;<\/p>\n","protected":false},"author":2,"featured_media":40068,"comment_status":"closed","ping_status":"open","sticky":false,"template":"","format":"standard","meta":{"_lmt_disableupdate":"","_lmt_disable":"","_jetpack_memberships_contains_paid_content":false,"footnotes":""},"categories":[109,47],"tags":[1421],"class_list":["post-40076","post","type-post","status-publish","format-standard","has-post-thumbnail","hentry","category-minuto-a-minuto","category-zona-gris","tag-secretaria-de-seguridad-publica-de-oaxaca-sspo"],"jetpack_featured_media_url":"https:\/\/zonaroja.com.mx\/wp-content\/uploads\/2022\/04\/Detenido-SSPO.jpg","jetpack_sharing_enabled":true,"_links":{"self":[{"href":"https:\/\/zonaroja.com.mx\/index.php?rest_route=\/wp\/v2\/posts\/40076","targetHints":{"allow":["GET"]}}],"collection":[{"href":"https:\/\/zonaroja.com.mx\/index.php?rest_route=\/wp\/v2\/posts"}],"about":[{"href":"https:\/\/zonaroja.com.mx\/index.php?rest_route=\/wp\/v2\/types\/post"}],"author":[{"embeddable":true,"href":"https:\/\/zonaroja.com.mx\/index.php?rest_route=\/wp\/v2\/users\/2"}],"replies":[{"embeddable":true,"href":"https:\/\/zonaroja.com.mx\/index.php?rest_route=%2Fwp%2Fv2%2Fcomments&post=40076"}],"version-history":[{"count":1,"href":"https:\/\/zonaroja.com.mx\/index.php?rest_route=\/wp\/v2\/posts\/40076\/revisions"}],"predecessor-version":[{"id":40077,"href":"https:\/\/zonaroja.com.mx\/index.php?rest_route=\/wp\/v2\/posts\/40076\/revisions\/40077"}],"wp:featuredmedia":[{"embeddable":true,"href":"https:\/\/zonaroja.com.mx\/index.php?rest_route=\/wp\/v2\/media\/40068"}],"wp:attachment":[{"href":"https:\/\/zonaroja.com.mx\/index.php?rest_route=%2Fwp%2Fv2%2Fmedia&parent=40076"}],"wp:term":[{"taxonomy":"category","embeddable":true,"href":"https:\/\/zonaroja.com.mx\/index.php?rest_route=%2Fwp%2Fv2%2Fcategories&post=40076"},{"taxonomy":"post_tag","embeddable":true,"href":"https:\/\/zonaroja.com.mx\/index.php?rest_route=%2Fwp%2Fv2%2Ftags&post=40076"}],"curies":[{"name":"wp","href":"https:\/\/api.w.org\/{rel}","templated":true}]}}