{"id":40078,"date":"2022-04-17T09:00:00","date_gmt":"2022-04-17T14:00:00","guid":{"rendered":"http:\/\/www.zonaroja.com.mx\/?p=40078"},"modified":"2022-04-17T06:40:32","modified_gmt":"2022-04-17T11:40:32","slug":"onu-politicos-y-activistas-lamentan-muerte-de-rosario-ibarra-de-piedra","status":"publish","type":"post","link":"https:\/\/zonaroja.com.mx\/?p=40078","title":{"rendered":"ONU, pol\u00edticos y activistas lamentan muerte de Rosario Ibarra de Piedra"},"content":{"rendered":"\n<p>Redacci\u00f3n\/Zona Roja Cdmx.<\/p>\n\n\n\n<p>Ciudad de M\u00e9xico, 17 de abril de 2022.- El Presidente Andr\u00e9s Manuel L\u00f3pez Obrador; el presidente de la Suprema Corte de Justicia de la Naci\u00f3n, Arturo Sald\u00edvar; l\u00edderes pol\u00edticos como Cuauht\u00e9moc C\u00e1rdenas, Porfirio Mu\u00f1oz Ledo, o el dirigente del PAN, Marko Cort\u00e9s, as\u00ed como legisladores y activistas sociales lamentaron la muerte de Rosario Ibarra de Piedra.<\/p>\n\n\n\n<p>Recordaron la frase de quien fuera la primera mujer candidata a la Presidencia de la Rep\u00fablica en 1982 y activista a favor de los derechos humanos desde 1977 con la fundaci\u00f3n del Comit\u00e9 \u00a1Eureka!: \u201cNo hay democracia con desaparecidos\u201d.<\/p>\n\n\n\n<p>\u201cMala noticia: muri\u00f3 do\u00f1a Rosario Ibarra de Piedra, quien nos recordar\u00e1 siempre el m\u00e1s profundo amor a los hijos y la solidaridad con quienes sufren por la desaparici\u00f3n de sus seres queridos. Ese era su verdadero partido aun cuando admiraba a Giordano Bruno\u201d, escribi\u00f3 el presidente L\u00f3pez Obrador.<\/p>\n\n\n\n<p>En un segundo mensaje el mandatario destac\u00f3 la ayuda que \u00e9l recibi\u00f3 por parte de Rosario Ibarra de Piedra.<\/p>\n\n\n\n<p>\u201cA nosotros nos apoy\u00f3 en todo momento y nunca olvidar\u00e9 que mi madre (Manuela Obrador Gonz\u00e1lez) vot\u00f3 por ella para presidenta de la Rep\u00fablica. Abrazo a sus hijos y a sus much\u00edsimos seguidores y amigos\u201d, coment\u00f3 el primer mandatario.<\/p>\n\n\n\n<p>Asimismo, la&nbsp;Oficina en M\u00e9xico del Alto Comisionado de la ONU&nbsp;para los&nbsp;Derechos Humanos&nbsp;afirm\u00f3 que la lucha de Rosario Ibarra se mantiene vigente&nbsp;en el M\u00e9xico de hoy, en el que hay cerca de&nbsp;100 mil personas desaparecidas.<\/p>\n\n\n\n<p>A trav\u00e9s de sus redes sociales, el organismo de la Organizaci\u00f3n de las Naciones Unidas afirm\u00f3 que Ibarra de Piedra fue una \u201cmujer que abri\u00f3 en M\u00e9xico causes en favor de la libertad y los Derechos Humanos, la inclusi\u00f3n de las mujeres, la democratizaci\u00f3n y la exigencia de erradicar la desaparici\u00f3n forzada y otros abusos de poder\u201d.<\/p>\n\n\n\n<p>Por su parte, la decana del Senado de la Rep\u00fablica, la senadora Ifigenia Mart\u00ednez, lament\u00f3 el deceso de quien fuera la primera activista a favor de los derechos humanos en la historia reciente del pa\u00eds.<\/p>\n\n\n\n<p>\u201cMe entero con tristeza del fallecimiento de mi entra\u00f1able amiga e incansable activista y luchadora social, Rosario Ibarra de Piedra, pionera en la defensa por los derechos humanos, la paz y democracia en M\u00e9xico. Abrazo con afecto a sus hijas, familiares y amigos. Descanse en paz\u201d, escribi\u00f3 Mart\u00ednez.<\/p>\n\n\n\n<p>Tambi\u00e9n Manuel Clouthier Carrillo, hijo de&nbsp;Maqu\u00edo, candidato presidencial del PAN en 1988, expres\u00f3 sus condolencias por el deceso y public\u00f3 en sus redes sociales una fotograf\u00eda, donde Rosario Ibarra aparece en aquel a\u00f1o junto a Cuauht\u00e9moc C\u00e1rdenas y Manuel J. Clouthier protestando por el \u201cfraude electoral\u201d, perpetrado desde la Secretar\u00eda de Gobernaci\u00f3n.<\/p>\n\n\n\n<p>La jefa de la Ciudad de M\u00e9xico,&nbsp;Claudia Sheinbaum, comparti\u00f3 que le \u201cduele\u201d la partida de Rosario Ibarra de Piedra tras calificarla como \u201cuna mujer incansable junto con otras madres por encontrar a Jes\u00fas y a los desaparecidos durante la guerra sucia\u201d.<\/p>\n\n\n\n<p>Sheinbaum asegur\u00f3 que tuvo la fortuna de conocerla desde los 15 a\u00f1os, cuando asisti\u00f3 a su primera huelga de hambre, adem\u00e1s la describi\u00f3 como una tenaz luchadora social.<\/p>\n\n\n\n<p>A las condolencias se sumaron pol\u00edticos mexicanos como la legisladora Olga S\u00e1nchez Cordero, el canciller Marcelo Ebrard y las secretarias&nbsp;Roc\u00edo Nahle y Tatiana Clouthier.&nbsp;<\/p>\n\n\n\n<p>El presidente de la Junta de Coordinaci\u00f3n Pol\u00edtica del Senado,&nbsp;Ricardo Monreal, lamento profundamente la partida de do\u00f1a Rosario Ibarra de Piedra.<\/p>\n\n\n\n<p>\u201cCombatimos en la lucha pol\u00edtica para el cambio de r\u00e9gimen. Mujer de ideales, \u00edntegra e intachable. Que descanse en paz. Mi solidaridad con sus familiares y amistades\u201d, public\u00f3 Monreal en Twitter.<\/p>\n\n\n\n<p>Alejandro Moreno C\u00e1rdenas, presidente nacional del PRI, tambi\u00e9n lament\u00f3 el deceso de la defensora de los derechos humanos que falleci\u00f3 a los 95 a\u00f1os de edad.<\/p>\n\n\n\n<p>\u201cDescanse en paz Do\u00f1a Rosario Ibarra de Piedra, env\u00edo mi m\u00e1s sentido p\u00e9same a su familia. Reciban un abrazo con afecto\u201d, indic\u00f3 el pri\u00edsta.<\/p>\n\n\n\n<p>(Informaci\u00f3n de \u201cExc\u00e9lsior\u201d)<\/p>\n","protected":false},"excerpt":{"rendered":"<p>Redacci\u00f3n\/Zona Roja Cdmx. Ciudad de M\u00e9xico, 17 de abril de 2022.- El Presidente Andr\u00e9s Manuel&hellip;<\/p>\n","protected":false},"author":2,"featured_media":40079,"comment_status":"closed","ping_status":"open","sticky":false,"template":"","format":"standard","meta":{"_lmt_disableupdate":"","_lmt_disable":"","_jetpack_memberships_contains_paid_content":false,"footnotes":""},"categories":[109,47],"tags":[3104],"class_list":["post-40078","post","type-post","status-publish","format-standard","has-post-thumbnail","hentry","category-minuto-a-minuto","category-zona-gris","tag-rosario-ibarra-de-piedra"],"jetpack_featured_media_url":"https:\/\/zonaroja.com.mx\/wp-content\/uploads\/2022\/04\/Rosario-Ibarra-de-Piedra.jpeg","jetpack_sharing_enabled":true,"_links":{"self":[{"href":"https:\/\/zonaroja.com.mx\/index.php?rest_route=\/wp\/v2\/posts\/40078","targetHints":{"allow":["GET"]}}],"collection":[{"href":"https:\/\/zonaroja.com.mx\/index.php?rest_route=\/wp\/v2\/posts"}],"about":[{"href":"https:\/\/zonaroja.com.mx\/index.php?rest_route=\/wp\/v2\/types\/post"}],"author":[{"embeddable":true,"href":"https:\/\/zonaroja.com.mx\/index.php?rest_route=\/wp\/v2\/users\/2"}],"replies":[{"embeddable":true,"href":"https:\/\/zonaroja.com.mx\/index.php?rest_route=%2Fwp%2Fv2%2Fcomments&post=40078"}],"version-history":[{"count":1,"href":"https:\/\/zonaroja.com.mx\/index.php?rest_route=\/wp\/v2\/posts\/40078\/revisions"}],"predecessor-version":[{"id":40080,"href":"https:\/\/zonaroja.com.mx\/index.php?rest_route=\/wp\/v2\/posts\/40078\/revisions\/40080"}],"wp:featuredmedia":[{"embeddable":true,"href":"https:\/\/zonaroja.com.mx\/index.php?rest_route=\/wp\/v2\/media\/40079"}],"wp:attachment":[{"href":"https:\/\/zonaroja.com.mx\/index.php?rest_route=%2Fwp%2Fv2%2Fmedia&parent=40078"}],"wp:term":[{"taxonomy":"category","embeddable":true,"href":"https:\/\/zonaroja.com.mx\/index.php?rest_route=%2Fwp%2Fv2%2Fcategories&post=40078"},{"taxonomy":"post_tag","embeddable":true,"href":"https:\/\/zonaroja.com.mx\/index.php?rest_route=%2Fwp%2Fv2%2Ftags&post=40078"}],"curies":[{"name":"wp","href":"https:\/\/api.w.org\/{rel}","templated":true}]}}