{"id":40081,"date":"2022-04-17T13:44:00","date_gmt":"2022-04-17T18:44:00","guid":{"rendered":"http:\/\/www.zonaroja.com.mx\/?p=40081"},"modified":"2022-04-17T06:45:50","modified_gmt":"2022-04-17T11:45:50","slug":"colabora-la-conavim-en-caso-de-frida-alondra-promete-cero-impunidad","status":"publish","type":"post","link":"https:\/\/zonaroja.com.mx\/?p=40081","title":{"rendered":"Colabora la Conavim en caso de Frida Alondra; promete cero impunidad"},"content":{"rendered":"\n<p>Redacci\u00f3n\/Zona Roja Cdmx.<\/p>\n\n\n\n<p>Ciudad de M\u00e9xico, 17 de abril de 2022.- Con la finalidad de que haya cero impunidad en el caso de la adolescente afromexicana, Frida Alondra, cuyo cuerpo fue localizado el pasado 12 de abril en el estado de Oaxaca, en los l\u00edmites con Guerrero, la Comisi\u00f3n Nacional para Prevenir y Erradicar la Violencia contra las Mujeres (Conavim), anunci\u00f3 que trabaja en coordinaci\u00f3n con las fiscal\u00edas de justicia de los dos estados para la atenci\u00f3n del caso.<\/p>\n\n\n\n<p>En un comunicado de prensa, el \u00f3rgano de la Secretar\u00eda de Gobernaci\u00f3n (Segob), se\u00f1al\u00f3 que adem\u00e1s se estableci\u00f3 una estrecha vinculaci\u00f3n con la Secretar\u00eda de la Mujer de Guerrero, a fin de que se proporcione atenci\u00f3n y acompa\u00f1amiento a los familiares de la menor.<\/p>\n\n\n\n<p>\u00abLas dependencias e instancias involucradas en el esclarecimiento del hecho dan seguimiento al caso conforme al Protocolo de investigaci\u00f3n ministerial, policial y pericial con perspectiva de g\u00e9nero para el delito de feminicidio\u00bb, manifest\u00f3.<\/p>\n\n\n\n<p>La Conavim asegur\u00f3 que este tipo de acciones se realizan en el marco de las mesas t\u00e9cnicas de acceso a la justicia para mujeres v\u00edctimas de violencia y que este a\u00f1o se refuerzan con el impulso de la cruzada nacional para prevenir, combatir, denunciar y erradicar el abuso sexual y la violaci\u00f3n infantil y adolescente.<\/p>\n\n\n\n<p>&nbsp;\u00abLa titular de la comisi\u00f3n, Fabiola Alan\u00eds S\u00e1mano, ha impulsado esta cruzada en cada uno de los municipios que ha visitado durante este a\u00f1o con la finalidad de reforzar la coordinaci\u00f3n y vinculaci\u00f3n entre los tres \u00f3rdenes de gobierno y que hasta hoy son: Ciudad Ju\u00e1rez, Chihuahua; San Luis R\u00edo Colorado, Cajeme, Hermosillo, Empalme y Guaymas, en Sonora; Tlaxcala, Tlaxcala; Morelos, Morelos; G\u00f3mez Palacio, Durango; y Tuxtla Guti\u00e9rrez, Chiapas\u00bb, agreg\u00f3.<\/p>\n\n\n\n<p>(Informaci\u00f3n de \u201cExc\u00e9lsior\u201d)<\/p>\n","protected":false},"excerpt":{"rendered":"<p>Redacci\u00f3n\/Zona Roja Cdmx. Ciudad de M\u00e9xico, 17 de abril de 2022.- Con la finalidad de&hellip;<\/p>\n","protected":false},"author":2,"featured_media":40021,"comment_status":"closed","ping_status":"open","sticky":false,"template":"","format":"standard","meta":{"_lmt_disableupdate":"","_lmt_disable":"","_jetpack_memberships_contains_paid_content":false,"footnotes":""},"categories":[109,47],"tags":[3103],"class_list":["post-40081","post","type-post","status-publish","format-standard","has-post-thumbnail","hentry","category-minuto-a-minuto","category-zona-gris","tag-frida-alondra-cuajuinicuilapa-lo-de-soto"],"jetpack_featured_media_url":"https:\/\/zonaroja.com.mx\/wp-content\/uploads\/2022\/04\/Frida-Alondra-Cuajinicuilapa-Oaaxaca.jpeg","jetpack_sharing_enabled":true,"_links":{"self":[{"href":"https:\/\/zonaroja.com.mx\/index.php?rest_route=\/wp\/v2\/posts\/40081","targetHints":{"allow":["GET"]}}],"collection":[{"href":"https:\/\/zonaroja.com.mx\/index.php?rest_route=\/wp\/v2\/posts"}],"about":[{"href":"https:\/\/zonaroja.com.mx\/index.php?rest_route=\/wp\/v2\/types\/post"}],"author":[{"embeddable":true,"href":"https:\/\/zonaroja.com.mx\/index.php?rest_route=\/wp\/v2\/users\/2"}],"replies":[{"embeddable":true,"href":"https:\/\/zonaroja.com.mx\/index.php?rest_route=%2Fwp%2Fv2%2Fcomments&post=40081"}],"version-history":[{"count":1,"href":"https:\/\/zonaroja.com.mx\/index.php?rest_route=\/wp\/v2\/posts\/40081\/revisions"}],"predecessor-version":[{"id":40082,"href":"https:\/\/zonaroja.com.mx\/index.php?rest_route=\/wp\/v2\/posts\/40081\/revisions\/40082"}],"wp:featuredmedia":[{"embeddable":true,"href":"https:\/\/zonaroja.com.mx\/index.php?rest_route=\/wp\/v2\/media\/40021"}],"wp:attachment":[{"href":"https:\/\/zonaroja.com.mx\/index.php?rest_route=%2Fwp%2Fv2%2Fmedia&parent=40081"}],"wp:term":[{"taxonomy":"category","embeddable":true,"href":"https:\/\/zonaroja.com.mx\/index.php?rest_route=%2Fwp%2Fv2%2Fcategories&post=40081"},{"taxonomy":"post_tag","embeddable":true,"href":"https:\/\/zonaroja.com.mx\/index.php?rest_route=%2Fwp%2Fv2%2Ftags&post=40081"}],"curies":[{"name":"wp","href":"https:\/\/api.w.org\/{rel}","templated":true}]}}