{"id":40084,"date":"2022-04-17T07:34:36","date_gmt":"2022-04-17T12:34:36","guid":{"rendered":"http:\/\/www.zonaroja.com.mx\/?p=40084"},"modified":"2022-04-17T07:34:38","modified_gmt":"2022-04-17T12:34:38","slug":"la-chica-desaparecida-que-puso-de-cabeza-al-mundo-y-andaba-en-la-playa","status":"publish","type":"post","link":"https:\/\/zonaroja.com.mx\/?p=40084","title":{"rendered":"La chica desaparecida que puso de cabeza al mundo\u2026 y andaba en la playa"},"content":{"rendered":"\n<p>Redacci\u00f3n\/Zona Roja.<\/p>\n\n\n\n<p>Oaxaca de Ju\u00e1rez, Oax., 17 de abril de 2022.- Literalmente puso de cabeza a las autoridades del pa\u00eds y de Oaxaca, por m\u00e1s de tres d\u00edas.&nbsp;<\/p>\n\n\n\n<p>La sociedad civil se sum\u00f3 tambi\u00e9n a la exigencia de senadores, legisladores, agrupaciones civiles, entre otros, para buscar a Aisha Guzm\u00e1n Cap\u00f3n, de 15 a\u00f1os de edad. Gener\u00f3 incluso enconos y reclamos en redes sociales.<\/p>\n\n\n\n<p>Fue el pasado mi\u00e9rcoles 13 de abril en se dio la alerta por la desaparici\u00f3n de la adolescente, vista por \u00faltima vez en la agencia de San Felipe del Agua, del municipio de Oaxaca de Ju\u00e1rez.<\/p>\n\n\n\n<p>La ficha inicial de b\u00fasqueda de la Unidad de Personas No Localizadas, de la Fiscal\u00eda General del Estado, se convirti\u00f3 en pocas horas en \u201cAlerta Rosa\u201d y luego en \u201cAlerta \u00c1mbar\u201d, debido a que la vida de la chica podr\u00eda estar en peligro.<\/p>\n\n\n\n<p>Dos d\u00edas despu\u00e9s comenzaron los primeros indicios de que estar\u00eda con bien\u2026 vacacionando con su pareja.&nbsp;<\/p>\n\n\n\n<p>Su madre, Paola Cap\u00f3n, tuvo que emitir un mensaje en video v\u00eda redes sociales para precisar que segu\u00eda desaparecida y se requer\u00eda el apoyo de todos para buscar a Aisha.<\/p>\n\n\n\n<p>LOS MENSAJES<\/p>\n\n\n\n<p>Fue la noche del viernes en que comenzaron circular mensajes, presuntamente de la adolescente, recriminando que se le est\u00e9 buscando, cuando se sali\u00f3 de su casa por su propia voluntad:<\/p>\n\n\n\n<p>\u201cHola! Estoy bien me encuentro viva, no fui raptada ni secuestrada ni nada por el estilo, mis padres dieron declaraciones falsas sobre mi desaparici\u00f3n, yo hu\u00ed de casa debido a que mi mam\u00e1 me agredi\u00f3 como a en otras ocasiones.<\/p>\n\n\n\n<p>\u201cSi quieren acosar a alguien deber\u00edan hacerlo con mis padres especialmente a mi madre, quien es la responsable de que yo huyera de casa.<\/p>\n\n\n\n<p>\u201cAl igual que cada d\u00eda se me quitaba la libertad. Mi ex novia y yo fuimos obligadas a terminar por lo que por favor dejen de estar acos\u00e1ndole y acusando de mi supuesto secuestro. Dejen de creer noticias amarillistas y las declaraciones de mis padres, gracias\u201d, fue el mensaje en Instagram atribuido a Aisha cuya circulaci\u00f3n se intensific\u00f3 el s\u00e1bado por la ma\u00f1a,<\/p>\n\n\n\n<p>Tambi\u00e9n se difundi\u00f3 otro de su supuesto novio, bajo el nombre de piromanx.fx2:<\/p>\n\n\n\n<p>\u201cOk\u2026 dejan de estar diciendo que est\u00e1 conmigo oh que puede estar conmigo, lamentablemente lo que no saben es que la madre de Aisha la maltrataba f\u00edsica y psicol\u00f3gicamente, me acus\u00f3 de vender drogas, y me acus\u00f3 de prostituir a Aisha y drogarla.<\/p>\n\n\n\n<p>\u201cPido por favor comprensi\u00f3n y que sepan la verdad, se escap\u00f3 porque su madre la estaba agrediendo y amenaz\u00f3 con llevarla a un psiqui\u00e1trico porque dijo que ella estaba loca, lo cual es mentira Aisha s\u00f3lo ten\u00eda ataques de ansiedad provocados por sus padres\u201d.<\/p>\n\n\n\n<p>LA LOCALIZAN<\/p>\n\n\n\n<p>Ayer por la noche la Fiscal\u00eda General del Estado confirm\u00f3 la localizaci\u00f3n de Ahisha, sin precisar la fecha.<\/p>\n\n\n\n<p>De acuerdo con fuentes extraoficiales, presuntamente se hallaba de vacaciones con su pareja, desde el d\u00eda de su desaparici\u00f3n, en el destino tur\u00edstico de Puerto Escondido.<\/p>\n\n\n\n<p>Seg\u00fan el comunicado oficial, la Fiscal\u00eda General), en estrecha colaboraci\u00f3n de inteligencia con la Coordinaci\u00f3n Nacional Antisecuestro (Conase), dieron con el paradero de Aisha Guzm\u00e1n Cap\u00f3n, adolescente que estaba reportada como No Localizada desde el pasado 13 de abril de este a\u00f1o.<\/p>\n\n\n\n<p>\u201cLuego que la Vicefiscal\u00eda Regional de la Costa realiz\u00f3 operativos de b\u00fasqueda, la adolescente de 15 a\u00f1os de edad fue localizada la noche de este s\u00e1bado 16 de abril en calles de la colonia Rinconada en Puerto Escondido, en el municipio de San Pedro Mixtepec.<\/p>\n\n\n\n<p>\u201cJunto con la v\u00edctima, fue detenida una mujer mayor de edad, quien ser\u00e1 puesta a disposici\u00f3n de las autoridades correspondientes para determinar su situaci\u00f3n jur\u00eddica.<\/p>\n\n\n\n<p>\u201cEn tanto que la adolescente ser\u00e1 trasladada a la ciudad de Oaxaca para que reciba la atenci\u00f3n integral por parte de la Unidad de B\u00fasqueda de Personas No Localizadas (DNOL), perteneciente a la Vicefiscal\u00eda General de Atenci\u00f3n a V\u00edctimas y la Sociedad.<\/p>\n\n\n\n<p>\u201cLa Fiscal\u00eda de Oaxaca prioriza las labores de b\u00fasqueda en casos de personas No Localizadas, empleando tecnolog\u00eda de punta as\u00ed como echando mano de un equipo de especialistas que se enfocan en el rastreo y localizaci\u00f3n de las v\u00edctimas, adem\u00e1s que la colaboraci\u00f3n interinstitucional con instancias federales es clave para el \u00e9xito de este tipo de labores\u201d.<\/p>\n\n\n\n<p>En tanto, hasta el momento no ha habido mensaje de a madre de la adolescente, tras la localizaci\u00f3n de Aisha.<\/p>\n","protected":false},"excerpt":{"rendered":"<p>Redacci\u00f3n\/Zona Roja. Oaxaca de Ju\u00e1rez, Oax., 17 de abril de 2022.- Literalmente puso de cabeza&hellip;<\/p>\n","protected":false},"author":2,"featured_media":40046,"comment_status":"closed","ping_status":"open","sticky":false,"template":"","format":"standard","meta":{"_lmt_disableupdate":"","_lmt_disable":"","_jetpack_memberships_contains_paid_content":false,"footnotes":""},"categories":[109,47],"tags":[3105],"class_list":["post-40084","post","type-post","status-publish","format-standard","has-post-thumbnail","hentry","category-minuto-a-minuto","category-zona-gris","tag-aisha-guzman-capon"],"jetpack_featured_media_url":"https:\/\/zonaroja.com.mx\/wp-content\/uploads\/2022\/04\/Aisha-Guzman-Capon.jpg","jetpack_sharing_enabled":true,"_links":{"self":[{"href":"https:\/\/zonaroja.com.mx\/index.php?rest_route=\/wp\/v2\/posts\/40084","targetHints":{"allow":["GET"]}}],"collection":[{"href":"https:\/\/zonaroja.com.mx\/index.php?rest_route=\/wp\/v2\/posts"}],"about":[{"href":"https:\/\/zonaroja.com.mx\/index.php?rest_route=\/wp\/v2\/types\/post"}],"author":[{"embeddable":true,"href":"https:\/\/zonaroja.com.mx\/index.php?rest_route=\/wp\/v2\/users\/2"}],"replies":[{"embeddable":true,"href":"https:\/\/zonaroja.com.mx\/index.php?rest_route=%2Fwp%2Fv2%2Fcomments&post=40084"}],"version-history":[{"count":1,"href":"https:\/\/zonaroja.com.mx\/index.php?rest_route=\/wp\/v2\/posts\/40084\/revisions"}],"predecessor-version":[{"id":40085,"href":"https:\/\/zonaroja.com.mx\/index.php?rest_route=\/wp\/v2\/posts\/40084\/revisions\/40085"}],"wp:featuredmedia":[{"embeddable":true,"href":"https:\/\/zonaroja.com.mx\/index.php?rest_route=\/wp\/v2\/media\/40046"}],"wp:attachment":[{"href":"https:\/\/zonaroja.com.mx\/index.php?rest_route=%2Fwp%2Fv2%2Fmedia&parent=40084"}],"wp:term":[{"taxonomy":"category","embeddable":true,"href":"https:\/\/zonaroja.com.mx\/index.php?rest_route=%2Fwp%2Fv2%2Fcategories&post=40084"},{"taxonomy":"post_tag","embeddable":true,"href":"https:\/\/zonaroja.com.mx\/index.php?rest_route=%2Fwp%2Fv2%2Ftags&post=40084"}],"curies":[{"name":"wp","href":"https:\/\/api.w.org\/{rel}","templated":true}]}}