{"id":40088,"date":"2022-04-17T07:41:34","date_gmt":"2022-04-17T12:41:34","guid":{"rendered":"http:\/\/www.zonaroja.com.mx\/?p=40088"},"modified":"2022-04-17T09:36:40","modified_gmt":"2022-04-17T14:36:40","slug":"vinculan-a-proceso-a-siete-personas-por-toma-de-casete-de-huitzo","status":"publish","type":"post","link":"https:\/\/zonaroja.com.mx\/?p=40088","title":{"rendered":"Vinculan a proceso a siete personas por \u201ctoma\u201d de caseta de Huitzo"},"content":{"rendered":"\n<p>Redacci\u00f3n\/Zona Roja.<\/p>\n\n\n\n<p>Oaxaca de Ju\u00e1rez, Oax., 17 de abril de 2022.- La Fiscal\u00eda General de la Rep\u00fablica (FGR), a trav\u00e9s de la Fiscal\u00eda Especializada de Control Regional (FECOR), en su Delegaci\u00f3n de Oaxaca, obtuvo vinculaci\u00f3n a proceso en contra de siete personas por su probable responsabilidad en la comisi\u00f3n de los delitos de ataques a las v\u00edas de comunicaci\u00f3n y asociaci\u00f3n delictuosa.<\/p>\n\n\n\n<p>Lo anterior, derivado de que el pasado 3 de abril de 2022, elementos de la Guardia Nacional (GN), detuvieron a los imputados cuando hab\u00edan realizado la toma de la caseta de cobro #79 de Caminos y Puentes Federales (Capufe), ubicada en carretera federal 135-D, kil\u00f3metro 219+920, San Pablo Huitzo, Oaxaca.<\/p>\n\n\n\n<p>No\u00e9 \u201cM\u201d, Gabildo \u201cG\u201d, Pablo \u201cM\u201d, Leonel \u201cM\u201d, Carlos \u201cR\u201d, Diego \u201cJ\u201d y Abraham \u201cG\u201d, presuntamente imped\u00edan el cobro de peaje y solicitaban dinero a los conductores para permitirles el paso, con el argumento de pertenecer a una organizaci\u00f3n social.<\/p>\n\n\n\n<p>Por lo anterior, fueron puestos a disposici\u00f3n del Ministerio P\u00fablico Federal (MPF), quien recab\u00f3 los datos de prueba necesarios para solicitar audiencia inicial en su contra ante el Juez de Control del Centro de Justicia Penal Federal, y \u00e9ste dict\u00f3 vinculaci\u00f3n a proceso por los delitos en menci\u00f3n. Fij\u00f3 un plazo de dos meses para concluir la investigaci\u00f3n complementaria y les impuso como medida cautelar prisi\u00f3n preventiva justificada en el Cefereso 13, en Miahuatl\u00e1n de Porfirio D\u00edaz, Oaxaca.<\/p>\n","protected":false},"excerpt":{"rendered":"<p>Redacci\u00f3n\/Zona Roja. Oaxaca de Ju\u00e1rez, Oax., 17 de abril de 2022.- La Fiscal\u00eda General de&hellip;<\/p>\n","protected":false},"author":2,"featured_media":40089,"comment_status":"closed","ping_status":"open","sticky":false,"template":"","format":"standard","meta":{"_lmt_disableupdate":"","_lmt_disable":"","_jetpack_memberships_contains_paid_content":false,"footnotes":""},"categories":[109,47],"tags":[],"class_list":["post-40088","post","type-post","status-publish","format-standard","has-post-thumbnail","hentry","category-minuto-a-minuto","category-zona-gris"],"jetpack_featured_media_url":"https:\/\/zonaroja.com.mx\/wp-content\/uploads\/2022\/04\/Toma-caseta-Huitzo-peaje.jpeg","jetpack_sharing_enabled":true,"_links":{"self":[{"href":"https:\/\/zonaroja.com.mx\/index.php?rest_route=\/wp\/v2\/posts\/40088","targetHints":{"allow":["GET"]}}],"collection":[{"href":"https:\/\/zonaroja.com.mx\/index.php?rest_route=\/wp\/v2\/posts"}],"about":[{"href":"https:\/\/zonaroja.com.mx\/index.php?rest_route=\/wp\/v2\/types\/post"}],"author":[{"embeddable":true,"href":"https:\/\/zonaroja.com.mx\/index.php?rest_route=\/wp\/v2\/users\/2"}],"replies":[{"embeddable":true,"href":"https:\/\/zonaroja.com.mx\/index.php?rest_route=%2Fwp%2Fv2%2Fcomments&post=40088"}],"version-history":[{"count":2,"href":"https:\/\/zonaroja.com.mx\/index.php?rest_route=\/wp\/v2\/posts\/40088\/revisions"}],"predecessor-version":[{"id":40093,"href":"https:\/\/zonaroja.com.mx\/index.php?rest_route=\/wp\/v2\/posts\/40088\/revisions\/40093"}],"wp:featuredmedia":[{"embeddable":true,"href":"https:\/\/zonaroja.com.mx\/index.php?rest_route=\/wp\/v2\/media\/40089"}],"wp:attachment":[{"href":"https:\/\/zonaroja.com.mx\/index.php?rest_route=%2Fwp%2Fv2%2Fmedia&parent=40088"}],"wp:term":[{"taxonomy":"category","embeddable":true,"href":"https:\/\/zonaroja.com.mx\/index.php?rest_route=%2Fwp%2Fv2%2Fcategories&post=40088"},{"taxonomy":"post_tag","embeddable":true,"href":"https:\/\/zonaroja.com.mx\/index.php?rest_route=%2Fwp%2Fv2%2Ftags&post=40088"}],"curies":[{"name":"wp","href":"https:\/\/api.w.org\/{rel}","templated":true}]}}