{"id":40091,"date":"2022-04-17T07:44:04","date_gmt":"2022-04-17T12:44:04","guid":{"rendered":"http:\/\/www.zonaroja.com.mx\/?p=40091"},"modified":"2022-04-17T07:44:06","modified_gmt":"2022-04-17T12:44:06","slug":"policia-oaxaqueno-compite-en-importante-maraton-en-isla-mujeres","status":"publish","type":"post","link":"https:\/\/zonaroja.com.mx\/?p=40091","title":{"rendered":"Polic\u00eda oaxaque\u00f1o compite en importante marat\u00f3n en Isla Mujeres"},"content":{"rendered":"\n<p>Yuridiana Sosa\/ Zona Roja<\/p>\n\n\n\n<p>Oaxaca de Ju\u00e1rez, Oax., 17 de abril de 2022.- Los frutos de una ardua trayectoria como deportista los puede vivir este fin de semana F\u00e9lix Hern\u00e1ndez Ju\u00e1rez, digno representante de Oaxaca en el Ultramarat\u00f3n Marat\u00f3n Non Stop 24 horas Isla Mujeres 2022.<\/p>\n\n\n\n<p>F\u00e9lix Hern\u00e1ndez es elemento de la Polic\u00eda Auxiliar, Bancaria, Industrial y Comercial (PABIC) en Oaxaca, pero sobre todo un atleta nato que desde su infancia ha practicado deportes, pero que desde hace m\u00e1s de 22 a\u00f1os est\u00e1 enfocado con mayor tenacidad a practicar alguna actividad f\u00edsica.<\/p>\n\n\n\n<p>El elemento es artemarcialista y cuenta con cinta negra tercer Dan, disciplina que desde hace varios a\u00f1os alterna con su nueva pasi\u00f3n, el atletismo.<\/p>\n\n\n\n<p>Su paso por las competencias como corredor, por las que ha viajado por varias parte de M\u00e9xico, tambi\u00e9n son posibles por el apoyo de su corporaci\u00f3n policial que le permiten disponer de espacio para sus competencias.<\/p>\n\n\n\n<p>\u201cGracias familia y amigos por su apoyo y fuerza, los tengo presentes en mis pasos.<\/p>\n\n\n\n<p>Tambi\u00e9n agradezco a mi corporaci\u00f3n policial PABIC , al director Jonath\u00e1n Galv\u00e1n Morteo y a la Secretaria de Seguridad P\u00fablica de Oaxaca Dalia Ba\u00f1os Noyola\u201d, expres\u00f3 en su mensaje de este s\u00e1bado antes de iniciar la carrera en Isla Mujeres.<\/p>\n\n\n\n<p>Hern\u00e1ndez Ju\u00e1rez ha manifestado en entrevistas que su entrega por una vida sana, basada en el deporte, forma parte de un legado que desea dejar a su familia.<\/p>\n\n\n\n<p>La carrera de este fin de semana es un nuevo reto que le dar\u00eda el pase al Mundial de la especialidad en Taipei 2023 y lo cual se sumar\u00eda a la lista de \u00e9xitos de nivel internacional, luego que abril en 2021 logr\u00f3 su pase en este mimo espacio para el Campeonato Mundial de 24 horas en Bucarest, Rumania, que se celebrar\u00eda en octubre del a\u00f1o pasado, pero por la pandemia se cancel\u00f3.<\/p>\n\n\n\n<p>El polic\u00eda de la PABIC de m\u00e1s de 42 a\u00f1os ha participado en decenas de competencias dentro de nuestro pa\u00eds y en el estado, cumpliendo recorridos de entre los 60 y los 120 kil\u00f3metros.<\/p>\n\n\n\n<p>Entre los m\u00e1s recientes, cuenta con el Marat\u00f3n de Fuego 2020, San Jos\u00e9 de Gracia Totolapan, Oaxaca, en el qu\u00e9 pas\u00f3 por calor extremo, un r\u00edo, cascadas p\u00e9treas y senderos t\u00e9cnicos.<\/p>\n","protected":false},"excerpt":{"rendered":"<p>Yuridiana Sosa\/ Zona Roja Oaxaca de Ju\u00e1rez, Oax., 17 de abril de 2022.- Los frutos&hellip;<\/p>\n","protected":false},"author":2,"featured_media":40069,"comment_status":"closed","ping_status":"open","sticky":false,"template":"","format":"standard","meta":{"_lmt_disableupdate":"","_lmt_disable":"","_jetpack_memberships_contains_paid_content":false,"footnotes":""},"categories":[109,46],"tags":[3106],"class_list":["post-40091","post","type-post","status-publish","format-standard","has-post-thumbnail","hentry","category-minuto-a-minuto","category-zona-blanca","tag-felix-hernandez-juarez"],"jetpack_featured_media_url":"https:\/\/zonaroja.com.mx\/wp-content\/uploads\/2022\/04\/Felix-Hernandez-Juarez-PABIC.jpg","jetpack_sharing_enabled":true,"_links":{"self":[{"href":"https:\/\/zonaroja.com.mx\/index.php?rest_route=\/wp\/v2\/posts\/40091","targetHints":{"allow":["GET"]}}],"collection":[{"href":"https:\/\/zonaroja.com.mx\/index.php?rest_route=\/wp\/v2\/posts"}],"about":[{"href":"https:\/\/zonaroja.com.mx\/index.php?rest_route=\/wp\/v2\/types\/post"}],"author":[{"embeddable":true,"href":"https:\/\/zonaroja.com.mx\/index.php?rest_route=\/wp\/v2\/users\/2"}],"replies":[{"embeddable":true,"href":"https:\/\/zonaroja.com.mx\/index.php?rest_route=%2Fwp%2Fv2%2Fcomments&post=40091"}],"version-history":[{"count":1,"href":"https:\/\/zonaroja.com.mx\/index.php?rest_route=\/wp\/v2\/posts\/40091\/revisions"}],"predecessor-version":[{"id":40092,"href":"https:\/\/zonaroja.com.mx\/index.php?rest_route=\/wp\/v2\/posts\/40091\/revisions\/40092"}],"wp:featuredmedia":[{"embeddable":true,"href":"https:\/\/zonaroja.com.mx\/index.php?rest_route=\/wp\/v2\/media\/40069"}],"wp:attachment":[{"href":"https:\/\/zonaroja.com.mx\/index.php?rest_route=%2Fwp%2Fv2%2Fmedia&parent=40091"}],"wp:term":[{"taxonomy":"category","embeddable":true,"href":"https:\/\/zonaroja.com.mx\/index.php?rest_route=%2Fwp%2Fv2%2Fcategories&post=40091"},{"taxonomy":"post_tag","embeddable":true,"href":"https:\/\/zonaroja.com.mx\/index.php?rest_route=%2Fwp%2Fv2%2Ftags&post=40091"}],"curies":[{"name":"wp","href":"https:\/\/api.w.org\/{rel}","templated":true}]}}