{"id":40097,"date":"2022-04-17T17:31:56","date_gmt":"2022-04-17T22:31:56","guid":{"rendered":"http:\/\/www.zonaroja.com.mx\/?p=40097"},"modified":"2022-04-17T17:31:57","modified_gmt":"2022-04-17T22:31:57","slug":"identifican-a-cuatro-muertos-por-incendio-en-la-mixteca-habria-10-desaparecidos","status":"publish","type":"post","link":"https:\/\/zonaroja.com.mx\/?p=40097","title":{"rendered":"Identifican a cuatro muertos por incendio en la Mixteca; habr\u00eda 10 desaparecidos"},"content":{"rendered":"\n<p>Ismael Garc\u00eda M.\/Zona Roja.<\/p>\n\n\n\n<p>Oaxaca de Ju\u00e1rez, Oax., 17 de abril de 2022.- A cuatro personas fallecidas y al menos 10 desaparecidas, asciende el saldo a causa de un incendio forestal en la comunidad de San Isidro, perteneciente al municipio de Magdalena Pe\u00f1asco, en la regi\u00f3n Mixteca de Oaxaca.<\/p>\n\n\n\n<p>De acuerdo con informes preliminares, las v\u00edctimas fueron identificadas como Seraf\u00edn Hern\u00e1ndez Maldonado, de 60 a\u00f1os de edad; H\u00e9ctor Cruz V\u00e1squez, de 32 a\u00f1os; Seraf\u00edn Hern\u00e1ndez Cruz, de 68 a\u00f1os, y Reynaldo Barrios Maldonado, de 17 a\u00f1os, quienes murieron calcinados.<\/p>\n\n\n\n<p>Seg\u00fan la Comisi\u00f3n Estatal Forestal de Oaxaca, el incendio en el cerro \u201cGachup\u00edn\u201d inici\u00f3 desde ayer; en todo el estado re registran 77 conflagraciones que han consumido cinco mil 250 hect\u00e1reas.<\/p>\n\n\n\n<p>De los hechos registrados en San Isidro, de Magdalena Pe\u00f1asco, autoridades estatales informaron que brigadas contra incendios de los tres niveles de gobierno contin\u00faan en la zona a fin de controlar el fuego.<\/p>\n\n\n\n<figure class=\"wp-block-image size-large\"><a href=\"http:\/\/www.zonaroja.com.mx\/wp-content\/uploads\/2022\/04\/Incendio-muertos-Magdalena-Penasco.jpg\" data-rel=\"penci-gallery-image-content\" ><img decoding=\"async\" width=\"1024\" height=\"768\" src=\"http:\/\/www.zonaroja.com.mx\/wp-content\/uploads\/2022\/04\/Incendio-muertos-Magdalena-Penasco-1024x768.jpg\" alt=\"\" class=\"wp-image-40094\" srcset=\"https:\/\/zonaroja.com.mx\/wp-content\/uploads\/2022\/04\/Incendio-muertos-Magdalena-Penasco-1024x768.jpg 1024w, https:\/\/zonaroja.com.mx\/wp-content\/uploads\/2022\/04\/Incendio-muertos-Magdalena-Penasco-300x225.jpg 300w, https:\/\/zonaroja.com.mx\/wp-content\/uploads\/2022\/04\/Incendio-muertos-Magdalena-Penasco-768x576.jpg 768w, https:\/\/zonaroja.com.mx\/wp-content\/uploads\/2022\/04\/Incendio-muertos-Magdalena-Penasco-1170x878.jpg 1170w, https:\/\/zonaroja.com.mx\/wp-content\/uploads\/2022\/04\/Incendio-muertos-Magdalena-Penasco-585x439.jpg 585w, https:\/\/zonaroja.com.mx\/wp-content\/uploads\/2022\/04\/Incendio-muertos-Magdalena-Penasco.jpg 1280w\" sizes=\"(max-width: 1024px) 100vw, 1024px\" \/><\/a><\/figure>\n","protected":false},"excerpt":{"rendered":"<p>Ismael Garc\u00eda M.\/Zona Roja. Oaxaca de Ju\u00e1rez, Oax., 17 de abril de 2022.- A cuatro&hellip;<\/p>\n","protected":false},"author":2,"featured_media":40095,"comment_status":"closed","ping_status":"open","sticky":false,"template":"","format":"standard","meta":{"_lmt_disableupdate":"","_lmt_disable":"","_jetpack_memberships_contains_paid_content":false,"footnotes":""},"categories":[109,47],"tags":[3107],"class_list":["post-40097","post","type-post","status-publish","format-standard","has-post-thumbnail","hentry","category-minuto-a-minuto","category-zona-gris","tag-magdalena-penasco"],"jetpack_featured_media_url":"https:\/\/zonaroja.com.mx\/wp-content\/uploads\/2022\/04\/Incendios-forestales-Oaxaca-1.jpg","jetpack_sharing_enabled":true,"_links":{"self":[{"href":"https:\/\/zonaroja.com.mx\/index.php?rest_route=\/wp\/v2\/posts\/40097","targetHints":{"allow":["GET"]}}],"collection":[{"href":"https:\/\/zonaroja.com.mx\/index.php?rest_route=\/wp\/v2\/posts"}],"about":[{"href":"https:\/\/zonaroja.com.mx\/index.php?rest_route=\/wp\/v2\/types\/post"}],"author":[{"embeddable":true,"href":"https:\/\/zonaroja.com.mx\/index.php?rest_route=\/wp\/v2\/users\/2"}],"replies":[{"embeddable":true,"href":"https:\/\/zonaroja.com.mx\/index.php?rest_route=%2Fwp%2Fv2%2Fcomments&post=40097"}],"version-history":[{"count":1,"href":"https:\/\/zonaroja.com.mx\/index.php?rest_route=\/wp\/v2\/posts\/40097\/revisions"}],"predecessor-version":[{"id":40098,"href":"https:\/\/zonaroja.com.mx\/index.php?rest_route=\/wp\/v2\/posts\/40097\/revisions\/40098"}],"wp:featuredmedia":[{"embeddable":true,"href":"https:\/\/zonaroja.com.mx\/index.php?rest_route=\/wp\/v2\/media\/40095"}],"wp:attachment":[{"href":"https:\/\/zonaroja.com.mx\/index.php?rest_route=%2Fwp%2Fv2%2Fmedia&parent=40097"}],"wp:term":[{"taxonomy":"category","embeddable":true,"href":"https:\/\/zonaroja.com.mx\/index.php?rest_route=%2Fwp%2Fv2%2Fcategories&post=40097"},{"taxonomy":"post_tag","embeddable":true,"href":"https:\/\/zonaroja.com.mx\/index.php?rest_route=%2Fwp%2Fv2%2Ftags&post=40097"}],"curies":[{"name":"wp","href":"https:\/\/api.w.org\/{rel}","templated":true}]}}