{"id":40101,"date":"2022-04-17T18:03:27","date_gmt":"2022-04-17T23:03:27","guid":{"rendered":"http:\/\/www.zonaroja.com.mx\/?p=40101"},"modified":"2022-04-17T18:03:28","modified_gmt":"2022-04-17T23:03:28","slug":"covid-sigue-activo-en-oaxaca-125-contagios-y-7-decesos-en-una-semana","status":"publish","type":"post","link":"https:\/\/zonaroja.com.mx\/?p=40101","title":{"rendered":"Covid sigue activo en Oaxaca: 125 contagios y 7 decesos en una semana"},"content":{"rendered":"\n<p>Redacci\u00f3n\/Zona Roja.<\/p>\n\n\n\n<p>Oaxaca de Ju\u00e1rez, Oax. 17 de abril de 2022.- La pandemia del Covid-19 permanece activa en Oaxaca, por lo cual, durante el per\u00edodo comprendido del 10 al 16 de abril, se registr\u00f3 un acumulado de 119 mil 528 casos confirmados del virus, de los cuales 125 se contabilizaron en esta \u00faltima semana.<\/p>\n\n\n\n<p>Por su parte, el promedio de ocupaci\u00f3n hospitalaria para la atenci\u00f3n a pacientes con complicaciones derivadas de esta enfermedad fue de 6.3%. Adem\u00e1s, se notificaron siete desafortunados decesos a causa de esta patolog\u00eda respiratoria.<\/p>\n\n\n\n<p>Ello lo confirm\u00f3 la dependencia Servicios de Salud de Oaxaca, que recalc\u00f3 que para permanecer con la tendencia baja de contagios del SARS-CoV-2, hospitalizaciones y defunciones es necesario que la poblaci\u00f3n, sin excepci\u00f3n alguna, contin\u00fae aplicando todas las medidas de prevenci\u00f3n.<\/p>\n\n\n\n<p>En un comunicado, enfatiz\u00f3 que a\u00fan con el color verde del sem\u00e1foro de riesgo del coronavirus, el cual estar\u00e1 vigente en la entidad hasta el pr\u00f3ximo domingo 1 de mayo del a\u00f1o en curso, es importante, que las personas prioricen, se sumen y participen en la Jornada Intensiva de Vacunaci\u00f3n contra la COVID-19 del Sector Salud.<\/p>\n\n\n\n<p>Lo anterior tiene como objetivo inmunizar en diversas Unidades M\u00e9dicas a la poblaci\u00f3n mayor de 18 a\u00f1os que no haya recibido alguna dosis contra esta enfermedad, y aquellas que requieran completar su esquema o recibir el refuerzo de la tercera dosis.<\/p>\n\n\n\n<p>La instituci\u00f3n record\u00f3 que el sem\u00e1foro verde no significa que las familias se conf\u00eden, ni relajar las pr\u00e1cticas de protecci\u00f3n como son: el uso correcto del cubrebocas, la sana distancia, lavado frecuente de manos con agua y jab\u00f3n, as\u00ed como ventilar los espacios.<\/p>\n","protected":false},"excerpt":{"rendered":"<p>Redacci\u00f3n\/Zona Roja. Oaxaca de Ju\u00e1rez, Oax. 17 de abril de 2022.- La pandemia del Covid-19&hellip;<\/p>\n","protected":false},"author":2,"featured_media":40102,"comment_status":"closed","ping_status":"open","sticky":false,"template":"","format":"standard","meta":{"_lmt_disableupdate":"","_lmt_disable":"","_jetpack_memberships_contains_paid_content":false,"footnotes":""},"categories":[1],"tags":[1512],"class_list":["post-40101","post","type-post","status-publish","format-standard","has-post-thumbnail","hentry","category-sin-categoria","tag-coronavirus-oaxaca"],"jetpack_featured_media_url":"https:\/\/zonaroja.com.mx\/wp-content\/uploads\/2022\/04\/Gente-calle-Covid-ciudad-Oaxaca.jpg","jetpack_sharing_enabled":true,"_links":{"self":[{"href":"https:\/\/zonaroja.com.mx\/index.php?rest_route=\/wp\/v2\/posts\/40101","targetHints":{"allow":["GET"]}}],"collection":[{"href":"https:\/\/zonaroja.com.mx\/index.php?rest_route=\/wp\/v2\/posts"}],"about":[{"href":"https:\/\/zonaroja.com.mx\/index.php?rest_route=\/wp\/v2\/types\/post"}],"author":[{"embeddable":true,"href":"https:\/\/zonaroja.com.mx\/index.php?rest_route=\/wp\/v2\/users\/2"}],"replies":[{"embeddable":true,"href":"https:\/\/zonaroja.com.mx\/index.php?rest_route=%2Fwp%2Fv2%2Fcomments&post=40101"}],"version-history":[{"count":1,"href":"https:\/\/zonaroja.com.mx\/index.php?rest_route=\/wp\/v2\/posts\/40101\/revisions"}],"predecessor-version":[{"id":40103,"href":"https:\/\/zonaroja.com.mx\/index.php?rest_route=\/wp\/v2\/posts\/40101\/revisions\/40103"}],"wp:featuredmedia":[{"embeddable":true,"href":"https:\/\/zonaroja.com.mx\/index.php?rest_route=\/wp\/v2\/media\/40102"}],"wp:attachment":[{"href":"https:\/\/zonaroja.com.mx\/index.php?rest_route=%2Fwp%2Fv2%2Fmedia&parent=40101"}],"wp:term":[{"taxonomy":"category","embeddable":true,"href":"https:\/\/zonaroja.com.mx\/index.php?rest_route=%2Fwp%2Fv2%2Fcategories&post=40101"},{"taxonomy":"post_tag","embeddable":true,"href":"https:\/\/zonaroja.com.mx\/index.php?rest_route=%2Fwp%2Fv2%2Ftags&post=40101"}],"curies":[{"name":"wp","href":"https:\/\/api.w.org\/{rel}","templated":true}]}}