{"id":40104,"date":"2022-04-17T21:24:03","date_gmt":"2022-04-18T02:24:03","guid":{"rendered":"http:\/\/www.zonaroja.com.mx\/?p=40104"},"modified":"2022-04-17T21:24:05","modified_gmt":"2022-04-18T02:24:05","slug":"exige-gobierno-de-oaxaca-esclarecer-crimenes-de-migrantes-en-eu-eran-de-collantes","status":"publish","type":"post","link":"https:\/\/zonaroja.com.mx\/?p=40104","title":{"rendered":"Exige gobierno de Oaxaca esclarecer cr\u00edmenes de migrantes en EU; eran de Collantes"},"content":{"rendered":"\n<p>Redacci\u00f3n\/Zona Roja.<\/p>\n\n\n\n<p>Oaxaca de Ju\u00e1rez, Oax., 17 de abril de 2022.- El gobierno de Oaxaca confirm\u00f3 que dos migrantes originarios de Collantes, Pinotepa Nacional, fueron asesinados el pasado viernes en Stockton, California, Estados Unidos.<\/p>\n\n\n\n<p>Por ello, demand\u00f3 a las autoridades correspondientes continuar con las investigaciones a fin de dar con el paradero de los responsables.<\/p>\n\n\n\n<p>A trav\u00e9s del Instituto Nacional de Atenci\u00f3n al Migrante (IOAM), reiter\u00f3 el apoyo mediante asesor\u00eda jur\u00eddica, as\u00ed como el acompa\u00f1amiento que sea necesario.<\/p>\n\n\n\n<p>De acuerdo con los reportes preliminares, se trata de los hermanos Alexis y William Cisneros, de 26 y 27 a\u00f1os de edad respectivamente, originarios de la comunidad afromexicana de Collantes, en la regi\u00f3n Costa del estado.<\/p>\n\n\n\n<p>Fueron ultimados con disparos de arma de fuego la noche del Viernes Santo, en la calle 300 de Conventry Drive, Stockton; otras dos personas resultaron lesionadas y fueron trasladadas a un hospital.<\/p>\n","protected":false},"excerpt":{"rendered":"<p>Redacci\u00f3n\/Zona Roja. Oaxaca de Ju\u00e1rez, Oax., 17 de abril de 2022.- El gobierno de Oaxaca&hellip;<\/p>\n","protected":false},"author":2,"featured_media":40105,"comment_status":"closed","ping_status":"open","sticky":false,"template":"","format":"standard","meta":{"_lmt_disableupdate":"","_lmt_disable":"","_jetpack_memberships_contains_paid_content":false,"footnotes":""},"categories":[109,51],"tags":[3108],"class_list":["post-40104","post","type-post","status-publish","format-standard","has-post-thumbnail","hentry","category-minuto-a-minuto","category-zona-roja","tag-collantes-pinotepa-nacional"],"jetpack_featured_media_url":"https:\/\/zonaroja.com.mx\/wp-content\/uploads\/2022\/04\/Migrantes-Collantes-asesinados-EU.jpg","jetpack_sharing_enabled":true,"_links":{"self":[{"href":"https:\/\/zonaroja.com.mx\/index.php?rest_route=\/wp\/v2\/posts\/40104","targetHints":{"allow":["GET"]}}],"collection":[{"href":"https:\/\/zonaroja.com.mx\/index.php?rest_route=\/wp\/v2\/posts"}],"about":[{"href":"https:\/\/zonaroja.com.mx\/index.php?rest_route=\/wp\/v2\/types\/post"}],"author":[{"embeddable":true,"href":"https:\/\/zonaroja.com.mx\/index.php?rest_route=\/wp\/v2\/users\/2"}],"replies":[{"embeddable":true,"href":"https:\/\/zonaroja.com.mx\/index.php?rest_route=%2Fwp%2Fv2%2Fcomments&post=40104"}],"version-history":[{"count":1,"href":"https:\/\/zonaroja.com.mx\/index.php?rest_route=\/wp\/v2\/posts\/40104\/revisions"}],"predecessor-version":[{"id":40106,"href":"https:\/\/zonaroja.com.mx\/index.php?rest_route=\/wp\/v2\/posts\/40104\/revisions\/40106"}],"wp:featuredmedia":[{"embeddable":true,"href":"https:\/\/zonaroja.com.mx\/index.php?rest_route=\/wp\/v2\/media\/40105"}],"wp:attachment":[{"href":"https:\/\/zonaroja.com.mx\/index.php?rest_route=%2Fwp%2Fv2%2Fmedia&parent=40104"}],"wp:term":[{"taxonomy":"category","embeddable":true,"href":"https:\/\/zonaroja.com.mx\/index.php?rest_route=%2Fwp%2Fv2%2Fcategories&post=40104"},{"taxonomy":"post_tag","embeddable":true,"href":"https:\/\/zonaroja.com.mx\/index.php?rest_route=%2Fwp%2Fv2%2Ftags&post=40104"}],"curies":[{"name":"wp","href":"https:\/\/api.w.org\/{rel}","templated":true}]}}