{"id":40107,"date":"2022-04-18T06:31:11","date_gmt":"2022-04-18T11:31:11","guid":{"rendered":"http:\/\/www.zonaroja.com.mx\/?p=40107"},"modified":"2022-04-18T06:31:13","modified_gmt":"2022-04-18T11:31:13","slug":"fracasa-morena-en-el-legislativo-rechazan-reforma-electrica","status":"publish","type":"post","link":"https:\/\/zonaroja.com.mx\/?p=40107","title":{"rendered":"Fracasa Morena en el Legislativo: rechazan reforma el\u00e9ctrica"},"content":{"rendered":"\n<p>Redacci\u00f3n\/Zona Roja Cdmx.<\/p>\n\n\n\n<p>Ciudad de M\u00e9xico, 18 de abril de 2022.- Con 223 votos en contra y 275 votos a favor fue rechazada en lo general la iniciativa de reforma el\u00e9ctrica del presidente Andr\u00e9s Manuel L\u00f3pez Obrador en el Pleno de la C\u00e1mara de Diputados en San L\u00e1zaro.<\/p>\n\n\n\n<p>Luego de una jornada que se extendi\u00f3 desde tempranas horas de este domingo, Morena y aliados no consiguieron la mayor\u00eda calificada de votos para aprobar la iniciativa.<\/p>\n\n\n\n<p>El presidente de la C\u00e1mara de Diputados, Sergio Luna, se\u00f1al\u00f3 que la propuesta impulsada por la 4T queda \u201cdesechada\u201d luego de no obtener los 336 votos a favor necesarios para obtener la mayor\u00eda calificada. Debido a los resultados de las votaciones, no hubo discusi\u00f3n en lo particular.<\/p>\n\n\n\n<p>Las actividades tuvieron un inicio tenso, ya que la diputada Andrea Ch\u00e1vez, de Morena, solicit\u00f3 que la diputada Margarita Zavala no participara de la discusi\u00f3n por un supuesto conflicto de intereses. M\u00e1s tarde, el presidente de la C\u00e1mara de Diputados, Sergio Luna, se\u00f1al\u00f3 que no se encontraron elementos para determinar el conflicto del cu\u00e1l se le acusaba.<\/p>\n\n\n\n<p>Otro momento destacado fue cuando Marko Cort\u00e9s, dirigente nacional del PAN, acus\u00f3 que Morena intent\u00f3 \u201ccomprar\u201d el voto de legisladores de oposici\u00f3n en favor de la reforma el\u00e9ctrica.<\/p>\n\n\n\n<p>La coalici\u00f3n Va por M\u00e9xico (PRI, PAN y PRD) acudi\u00f3 en conjunto a la tribuna en distintas ocasiones. Personajes como Santiago Creel, Alejandro Moreno y Luis \u00c1ngel Ch\u00e1zaro plantearon la negativa de la oposici\u00f3n a la reforma.<\/p>\n\n\n\n<p>En el caso del oficialismo, una acusaci\u00f3n constante a lo largo del domingo fue que el voto negativo sobre la reforma el\u00e9ctrica fue presuntamente \u201cpagado\u201d por empresas privadas. Y que se les ofrecieron hasta 30 millones de pesos por \u201ctraicionar a la patria\u201d.<\/p>\n\n\n\n<p>Diputados como Gerardo Fern\u00e1ndez Noro\u00f1a, Mois\u00e9s Alejandro Mier y \u00d3scar Cant\u00f3n continuaron con la narrativa de llamar \u201ctraidores\u201d a los legisladores de oposici\u00f3n, adem\u00e1s aprovecharon para promover la reforma de L\u00f3pez Obrador y sus beneficios econ\u00f3micos y sociales.<\/p>\n\n\n\n<p>Horas antes de la votaci\u00f3n, el presidente Andr\u00e9s Manuel L\u00f3pez Obrador escribi\u00f3 en Twitter que, independientemente del resultado de la votaci\u00f3n, \u201cya estamos blindados contra la traici\u00f3n\u201d, y que este lunes iba a dar una explicaci\u00f3n al respecto.<\/p>\n\n\n\n<p>(Informaci\u00f3n de \u201cEl Financiero\u201d)<\/p>\n","protected":false},"excerpt":{"rendered":"<p>Redacci\u00f3n\/Zona Roja Cdmx. Ciudad de M\u00e9xico, 18 de abril de 2022.- Con 223 votos en&hellip;<\/p>\n","protected":false},"author":2,"featured_media":40108,"comment_status":"closed","ping_status":"open","sticky":false,"template":"","format":"standard","meta":{"_lmt_disableupdate":"","_lmt_disable":"","_jetpack_memberships_contains_paid_content":false,"footnotes":""},"categories":[109,47],"tags":[2366],"class_list":["post-40107","post","type-post","status-publish","format-standard","has-post-thumbnail","hentry","category-minuto-a-minuto","category-zona-gris","tag-movimiento-de-regeneracion-nacional-morena"],"jetpack_featured_media_url":"https:\/\/zonaroja.com.mx\/wp-content\/uploads\/2022\/04\/Morena-circula-dictamen-de-reforma-electrica-y-fija-criterios-para-negociacion.jpg","jetpack_sharing_enabled":true,"_links":{"self":[{"href":"https:\/\/zonaroja.com.mx\/index.php?rest_route=\/wp\/v2\/posts\/40107","targetHints":{"allow":["GET"]}}],"collection":[{"href":"https:\/\/zonaroja.com.mx\/index.php?rest_route=\/wp\/v2\/posts"}],"about":[{"href":"https:\/\/zonaroja.com.mx\/index.php?rest_route=\/wp\/v2\/types\/post"}],"author":[{"embeddable":true,"href":"https:\/\/zonaroja.com.mx\/index.php?rest_route=\/wp\/v2\/users\/2"}],"replies":[{"embeddable":true,"href":"https:\/\/zonaroja.com.mx\/index.php?rest_route=%2Fwp%2Fv2%2Fcomments&post=40107"}],"version-history":[{"count":1,"href":"https:\/\/zonaroja.com.mx\/index.php?rest_route=\/wp\/v2\/posts\/40107\/revisions"}],"predecessor-version":[{"id":40109,"href":"https:\/\/zonaroja.com.mx\/index.php?rest_route=\/wp\/v2\/posts\/40107\/revisions\/40109"}],"wp:featuredmedia":[{"embeddable":true,"href":"https:\/\/zonaroja.com.mx\/index.php?rest_route=\/wp\/v2\/media\/40108"}],"wp:attachment":[{"href":"https:\/\/zonaroja.com.mx\/index.php?rest_route=%2Fwp%2Fv2%2Fmedia&parent=40107"}],"wp:term":[{"taxonomy":"category","embeddable":true,"href":"https:\/\/zonaroja.com.mx\/index.php?rest_route=%2Fwp%2Fv2%2Fcategories&post=40107"},{"taxonomy":"post_tag","embeddable":true,"href":"https:\/\/zonaroja.com.mx\/index.php?rest_route=%2Fwp%2Fv2%2Ftags&post=40107"}],"curies":[{"name":"wp","href":"https:\/\/api.w.org\/{rel}","templated":true}]}}