{"id":40110,"date":"2022-04-18T08:03:01","date_gmt":"2022-04-18T13:03:01","guid":{"rendered":"http:\/\/www.zonaroja.com.mx\/?p=40110"},"modified":"2022-04-18T08:03:03","modified_gmt":"2022-04-18T13:03:03","slug":"congreso-de-oaxaca-entre-abulia-pleitos-y-derroche-de-dinero","status":"publish","type":"post","link":"https:\/\/zonaroja.com.mx\/?p=40110","title":{"rendered":"Congreso de Oaxaca, entre abulia, pleitos y derroche de dinero"},"content":{"rendered":"\n<p>Ismael Garc\u00eda M.\/Zona Roja.<\/p>\n\n\n\n<p>Oaxaca de Ju\u00e1rez, 18 de abril de 2022.- Entre pleitos, creciente divisi\u00f3n, abulia, cero productividad y derroche de presupuesto, termin\u00f3 el pasado 15 de abril el primer periodo ordinario de sesiones del primer a\u00f1o de la 65 Legislatura del Congreso del Estado.<\/p>\n\n\n\n<p>Una Semana Santa que dej\u00f3 tambi\u00e9n a inconformes con la elecci\u00f3n de la Diputaci\u00f3n Permanente, entre ellos la suplente Adriana Altamirano, de Nueva Alianza, que el mismo d\u00eda de la designaci\u00f3n, el mi\u00e9rcoles anterior, renunci\u00f3 al puesto, por no estar de acuerdo en la forma desaseada en que fue elegida esa representaci\u00f3n.<\/p>\n\n\n\n<p>Basta revisar los comunicados de prensa que emite el \u00e1rea respectiva para resumir que no hay absolutamente reformas o leyes de trascendencia, m\u00e1s que ocurrencias, incluyendo efem\u00e9rides.<\/p>\n\n\n\n<p>O el recuento que se hizo el pasado viernes de los supuestos logros: \u201c40 sesiones ante el pleno, de las cuales 18 fueron ordinarias, 18 extraordinarias, tres sesiones solemnes y una m\u00e1s de instalaci\u00f3n.<\/p>\n\n\n\n<p>\u201cLa Mesa Directiva turn\u00f3 539 asuntos presentados por integrantes de la Legislatura, correspondientes a 301 iniciativas con proyecto de decreto y 238 proposiciones con punto de acuerdo.<\/p>\n\n\n\n<p>\u201cDe igual manera se aprobaron 870 resoluciones, de las cuales 618 corresponden a decretos y 252 a acuerdos\u201d; no obstante, de los 618 decretos, la gran mayor\u00eda era de presupuestos municipales, mientras que los acuerdos, s\u00f3lo propuestas de llamadas de atenci\u00f3n.<\/p>\n\n\n\n<p>LAURA Y LA INCAPACIDAD<\/p>\n\n\n\n<p>Cinco meses han pasado de una tercera Legislatura dominada por la fracci\u00f3n del Partido Morena, pero que en los hechos se ha plegado plenamente al PRI, principalmente en las dos gestiones de Laura Estrada Mauro como presidenta de la Junta de Coordinaci\u00f3n Pol\u00edtica\u2026 para que no le reclamen desv\u00edos millonarios.<\/p>\n\n\n\n<p>En los dos lapsos tambi\u00e9n, la tuxtepecana no ha podido frenar la divisi\u00f3n entre diputados morenistas y, por el contrario, \u00e9sta ha crecido y amenaza con crecer.<\/p>\n\n\n\n<p>El pasado mi\u00e9rcoles, cinco legisladores, Melina Hern\u00e1ndez Sosa, Concepci\u00f3n Rueda G\u00f3mez, Sesul Bola\u00f1os L\u00f3pez, C\u00e9sar Mateos Ben\u00edtez y Horacio Sosa Villavicencio, presentaron un documento a la Mesa Directiva, para integrar una bancada independiente, sin salirse de Morena. Por el momento les fue negada la petici\u00f3n.<\/p>\n\n\n\n<p>Laura Estrada ha sido rebasada constantemente en incluso el propio PRI y el resto de los integrantes de la Junta de Coordinaci\u00f3n le han enderezado la plana en plena sesi\u00f3n, como ocurri\u00f3 en una propuesta que hizo y que oblig\u00f3 a hacer un receso para despu\u00e9s bajarla del orden del d\u00eda.<\/p>\n\n\n\n<p>\u00bfEl presupuesto? Este a\u00f1o es de m\u00e1s de 542 millones de pesos, incluyendo el de la Auditor\u00eda Superior de la Federaci\u00f3n (que por cierto despu\u00e9s de varios meses a\u00fan no designan titular).<\/p>\n\n\n\n<p>\u00bfPero d\u00f3nde se ha aplicado si supuestamente por la pandemia de Covid la mayor\u00eda de las actividades est\u00e1 paralizada? Fuentes internas del Congreso revelan que m\u00e1s de la mitad ya fue gastado y la mayor\u00eda destinado a financiar a Salom\u00f3n Jara Cruz, mucho antes de iniciar la campa\u00f1a pol\u00edtica.<\/p>\n\n\n\n<p>DESIDIA Y DESINTER\u00c9S<\/p>\n\n\n\n<p>Pero si las divisiones est\u00e1n a la orden del d\u00eda, las ausencias m\u00e1s. La mayor\u00eda de las sesiones han iniciado con dos, tres y hasta cuatro horas de retraso de la hora programada, por desacuerdos e incapacidad de la presidenta de la Junta de Coordinaci\u00f3n Pol\u00edtica.<\/p>\n\n\n\n<p>Asimismo, en la mayor\u00eda de las ocaciones, principalmente durante la precampa\u00f1a y campa\u00f1a pol\u00edtica, s\u00f3lo se han logrado juntar no m\u00e1s de 35 legisladores; el esto andaba o anda en asuntos proselitistas, como Alejandro Avil\u00e9s y Natividad D\u00edaz, candidatos que no pidieron permiso a su curul, para seguir cobrando sus dietas.<\/p>\n\n\n\n<p>Tan no acud\u00edan, que, sin tener casos de Covid entre representantes populares o trabajadores del Poder Legislativo, la Junta determin\u00f3 desde mediados de febrero que las sesiones fueran virtuales, con tal de que participaran los legisladores.<\/p>\n\n\n\n<p>Y la \u00faltima, que fue el mi\u00e9rcoles 13 de abril, decidieron hacerla presencial, pero tambi\u00e9n con desacuerdos, por lo que inici\u00f3 m\u00e1s de cuatro horas despu\u00e9s y con menos de 24 legisladores.<\/p>\n\n\n\n<p>\u00bfCU\u00c1NDO LEGISLAR\u00c1N?<\/p>\n\n\n\n<p>Las sesiones ordinarias se retomar\u00e1n en dos meses, en que ya se sabr\u00eda el nombre del ganador de las elecciones por la gubernatura, pero eso s\u00f3lo incrementar\u00e1 las divisiones en el Legislativo.<\/p>\n\n\n\n<p>Laura Estrada creer\u00e1, o le har\u00e1n creer, que tiene m\u00e9ritos para encabezar una importante dependencia, quiz\u00e1 la Secretar\u00eda de Finanzas o la Secretar\u00eda de Administraci\u00f3n del gobierno, pero sus capacidades son limitadas.<\/p>\n\n\n\n<p>Mientras tanto, el primer a\u00f1o legislativo se consume r\u00e1pidamente y no se prev\u00e9n m\u00e1s que iniciativas de ocurrencias, como las del primer periodo: solicitud de acciones para proteger el arbolado urbano, respetar los apoyos federales al riego, servicios b\u00e1sicos para municipios.<\/p>\n\n\n\n<p>Asimismo, pedir mejoramiento de la infraestructura vial, apoyos al campo, reconocimiento a creadores, campa\u00f1as de protecci\u00f3n canina y felina, y hasta solicitar al INE difundir la revocaci\u00f3n de mandato.<\/p>\n\n\n\n<p>Ocurrencias que seguir\u00e1n ante la falta de liderazgo morenista; imposiciones priistas y oficiales que continuar\u00e1n, para cubrir desfalcos\u2026 abulia que seguir\u00e1, pues los legisladores actuales querr\u00e1n saltar de inmediato al gabinete gubernamental, si gana Salom\u00f3n Jara.<\/p>\n","protected":false},"excerpt":{"rendered":"<p>Ismael Garc\u00eda M.\/Zona Roja. Oaxaca de Ju\u00e1rez, 18 de abril de 2022.- Entre pleitos, creciente&hellip;<\/p>\n","protected":false},"author":2,"featured_media":7610,"comment_status":"closed","ping_status":"open","sticky":false,"template":"","format":"standard","meta":{"_lmt_disableupdate":"","_lmt_disable":"","_jetpack_memberships_contains_paid_content":false,"footnotes":""},"categories":[456,109,48],"tags":[1353],"class_list":["post-40110","post","type-post","status-publish","format-standard","has-post-thumbnail","hentry","category-columna","category-minuto-a-minuto","category-zona-critica","tag-opinion-zona-critica"],"jetpack_featured_media_url":"https:\/\/zonaroja.com.mx\/wp-content\/uploads\/2020\/01\/Opini\u00f3n-Zona-Cr\u00edtica.jpg","jetpack_sharing_enabled":true,"_links":{"self":[{"href":"https:\/\/zonaroja.com.mx\/index.php?rest_route=\/wp\/v2\/posts\/40110","targetHints":{"allow":["GET"]}}],"collection":[{"href":"https:\/\/zonaroja.com.mx\/index.php?rest_route=\/wp\/v2\/posts"}],"about":[{"href":"https:\/\/zonaroja.com.mx\/index.php?rest_route=\/wp\/v2\/types\/post"}],"author":[{"embeddable":true,"href":"https:\/\/zonaroja.com.mx\/index.php?rest_route=\/wp\/v2\/users\/2"}],"replies":[{"embeddable":true,"href":"https:\/\/zonaroja.com.mx\/index.php?rest_route=%2Fwp%2Fv2%2Fcomments&post=40110"}],"version-history":[{"count":1,"href":"https:\/\/zonaroja.com.mx\/index.php?rest_route=\/wp\/v2\/posts\/40110\/revisions"}],"predecessor-version":[{"id":40111,"href":"https:\/\/zonaroja.com.mx\/index.php?rest_route=\/wp\/v2\/posts\/40110\/revisions\/40111"}],"wp:featuredmedia":[{"embeddable":true,"href":"https:\/\/zonaroja.com.mx\/index.php?rest_route=\/wp\/v2\/media\/7610"}],"wp:attachment":[{"href":"https:\/\/zonaroja.com.mx\/index.php?rest_route=%2Fwp%2Fv2%2Fmedia&parent=40110"}],"wp:term":[{"taxonomy":"category","embeddable":true,"href":"https:\/\/zonaroja.com.mx\/index.php?rest_route=%2Fwp%2Fv2%2Fcategories&post=40110"},{"taxonomy":"post_tag","embeddable":true,"href":"https:\/\/zonaroja.com.mx\/index.php?rest_route=%2Fwp%2Fv2%2Ftags&post=40110"}],"curies":[{"name":"wp","href":"https:\/\/api.w.org\/{rel}","templated":true}]}}