{"id":4012,"date":"2019-09-16T09:46:52","date_gmt":"2019-09-16T14:46:52","guid":{"rendered":"http:\/\/www.zonaroja.com.mx\/?p=4012"},"modified":"2019-09-16T09:46:55","modified_gmt":"2019-09-16T14:46:55","slug":"con-peticion-en-plataforma-virtual-piden-libertad-para-preso-de-eloxochitlan","status":"publish","type":"post","link":"https:\/\/zonaroja.com.mx\/?p=4012","title":{"rendered":"Con petici\u00f3n en plataforma virtual piden libertad para preso de Eloxochitl\u00e1n"},"content":{"rendered":"\n<p>Redacci\u00f3n\/Zona\nRoja.<\/p>\n\n\n\n<p>Oaxaca de\nJu\u00e1rez, Oax., 16 de septiembre de 2019.- A trav\u00e9s de la plataforma chance.org,\nJhonnatan Zavala solicita a la poblaci\u00f3n en general de una con su firma a la\npetici\u00f3n de libertad para Miguel \u00c1ngel Peralta Betanzos, ind\u00edgena mazateco de\nEloxochitl\u00e1n de Flores Mag\u00f3n, quien lleva cuatro a\u00f1os preso por defender su\norganizaci\u00f3n comunitaria y su territorio. <\/p>\n\n\n\n<p>As\u00ed se puede\nleer en la plataforma digital en la cual se explica que Peralta Betanzos ha\nsido criminalizado por un \u201cgrupo caciquil\u201d que ostenta poder econ\u00f3mico y\npol\u00edtico en la localidad, grupo al que incluso acusan de fabricaci\u00f3n de dos\ndelitos.<\/p>\n\n\n\n<p>Ah\u00ed mismo explican\nque el jueves 12 de septiembre, fue la audiencia final para que despu\u00e9s le sea\ndictada una sentencia, la cual por medio de su defensa legal buscan sea de\nlibertad, toda vez que no existen pruebas en su contra que los responsabilicen\nde los delitos de homicidio e intento de homicidio. <\/p>\n\n\n\n<p>\u201cEn el\nexpediente se ha demostrado que no hay pruebas en su contra, por lo que el\nPoder Judicial del Estado de Oaxaca, tendr\u00eda que dictarle una sentencia de\nlibertad incondicional\u201d, cita la petici\u00f3n en la plataforma digital que a las 9\nhoras de este jueves contaba con mil 200 firmas a favor. <\/p>\n\n\n\n<p>Apenas el\nd\u00eda martes familiares y activistas en defensa de los presos pol\u00edticos exigieron\nal Poder Judicial de Oaxaca la liberaci\u00f3n del defensor comunitario debido a que\nla acusaci\u00f3n penal ha estado plagada de irregularidades y violaciones a los\nderechos humanos.<\/p>\n\n\n\n<p>Lo anterior\nen una conferencia de prensa en la Ciudad de M\u00e9xico, en donde acusaron a la\nfamilia Zepeda Lagunas, incluida la diputada local Elisa Zepeda, de orquestar\nuna campa\u00f1a medi\u00e1tica para criminalizar a las y los integrantes de la Asamblea\nComunitaria de la localidad e impedir el acceso a la justicia. <\/p>\n\n\n\n<p>\u201cSon\ncaciques en el municipio de Eloxochitl\u00e1n de Flores Mag\u00f3n quienes est\u00e1n detr\u00e1s\nde esto, es Elisa Zepeda, la principal denunciante y quien, aprovech\u00e1ndose de\nsu cargo p\u00fablico ha orquestado una campa\u00f1a medi\u00e1tica de desprestigio y\ncriminalizaci\u00f3n hac\u00eda las y los integrantes de la Asamblea Comunitaria de la\nlocalidad\u201d, indicaron. <\/p>\n\n\n\n<p>As\u00ed mismo\nreiteraron que las imputaciones en contra de Miguel Peralta fueron debidamente\ncontrovertidas y desestimadas por su defensa, adem\u00e1s de que existen\nresoluciones como antecedentes que demuestran que las acusaciones son\ngen\u00e9ricas, inconsistentes y contradictorias, sin pruebas para determinar su\nresponsabilidad penal, por lo que insistieron en su liberaci\u00f3n inmediata y el\ncese de la criminalizaci\u00f3n de la defensa social e ind\u00edgena.<\/p>\n","protected":false},"excerpt":{"rendered":"<p>Redacci\u00f3n\/Zona Roja. Oaxaca de Ju\u00e1rez, Oax., 16 de septiembre de 2019.- A trav\u00e9s de la&hellip;<\/p>\n","protected":false},"author":2,"featured_media":4013,"comment_status":"closed","ping_status":"open","sticky":false,"template":"","format":"standard","meta":{"_lmt_disableupdate":"","_lmt_disable":"","_jetpack_memberships_contains_paid_content":false,"footnotes":""},"categories":[109,47],"tags":[719],"class_list":["post-4012","post","type-post","status-publish","format-standard","has-post-thumbnail","hentry","category-minuto-a-minuto","category-zona-gris","tag-eloxochitlan-de-flores-magon"],"jetpack_featured_media_url":"https:\/\/zonaroja.com.mx\/wp-content\/uploads\/2019\/09\/Eloxo.jpg","jetpack_sharing_enabled":true,"_links":{"self":[{"href":"https:\/\/zonaroja.com.mx\/index.php?rest_route=\/wp\/v2\/posts\/4012","targetHints":{"allow":["GET"]}}],"collection":[{"href":"https:\/\/zonaroja.com.mx\/index.php?rest_route=\/wp\/v2\/posts"}],"about":[{"href":"https:\/\/zonaroja.com.mx\/index.php?rest_route=\/wp\/v2\/types\/post"}],"author":[{"embeddable":true,"href":"https:\/\/zonaroja.com.mx\/index.php?rest_route=\/wp\/v2\/users\/2"}],"replies":[{"embeddable":true,"href":"https:\/\/zonaroja.com.mx\/index.php?rest_route=%2Fwp%2Fv2%2Fcomments&post=4012"}],"version-history":[{"count":1,"href":"https:\/\/zonaroja.com.mx\/index.php?rest_route=\/wp\/v2\/posts\/4012\/revisions"}],"predecessor-version":[{"id":4014,"href":"https:\/\/zonaroja.com.mx\/index.php?rest_route=\/wp\/v2\/posts\/4012\/revisions\/4014"}],"wp:featuredmedia":[{"embeddable":true,"href":"https:\/\/zonaroja.com.mx\/index.php?rest_route=\/wp\/v2\/media\/4013"}],"wp:attachment":[{"href":"https:\/\/zonaroja.com.mx\/index.php?rest_route=%2Fwp%2Fv2%2Fmedia&parent=4012"}],"wp:term":[{"taxonomy":"category","embeddable":true,"href":"https:\/\/zonaroja.com.mx\/index.php?rest_route=%2Fwp%2Fv2%2Fcategories&post=4012"},{"taxonomy":"post_tag","embeddable":true,"href":"https:\/\/zonaroja.com.mx\/index.php?rest_route=%2Fwp%2Fv2%2Ftags&post=4012"}],"curies":[{"name":"wp","href":"https:\/\/api.w.org\/{rel}","templated":true}]}}