{"id":40127,"date":"2022-04-18T15:47:45","date_gmt":"2022-04-18T20:47:45","guid":{"rendered":"http:\/\/www.zonaroja.com.mx\/?p=40127"},"modified":"2022-04-18T15:47:48","modified_gmt":"2022-04-18T20:47:48","slug":"identifican-a-mujer-asesinada-en-viernes-santo-en-tehuantepec-oaxaca","status":"publish","type":"post","link":"https:\/\/zonaroja.com.mx\/?p=40127","title":{"rendered":"Identifican a mujer asesinada en Viernes Santo en Tehuantepec, Oaxaca"},"content":{"rendered":"\n<p>Ismael Garc\u00eda M.\/Zona Roja.<\/p>\n\n\n\n<p>Oaxaca de Ju\u00e1rez, Oax., 18 de abril de 2022.- Como Sof\u00eda M. P. V. fue identificada la mujer que fue asesinada la noche del Viernes Santo en Santo Domingo Tehuantepec, junto con otra persona y una m\u00e1s lesionada, que muri\u00f3 ayer domingo.<\/p>\n\n\n\n<p>Las otras dos v\u00edctimas que murieron por los disparos de arma de fuego en un domicilio de la calle Cantera de la colonia Santa Maria, cerca del cuartel municipal, respondieron en vida al nombre de Jos\u00e9 F. G. H. y V\u00edctor H. G. H.&nbsp;<\/p>\n\n\n\n<p>La asociaci\u00f3n civil Grupo de Estudios sobre la Mujer \u201cRosario Castellanos\u201d (GES Mujer) conden\u00f3 la ola de violencia en contra de las mujeres, pues es \u201cuna clara muestra de la grave situaci\u00f3n de violencia feminicida que se enfrenta en la entidad\u201d.<\/p>\n\n\n\n<p>En un comunicado emitido este fin de semana, resalt\u00f3, entre otros casos de hechos criminales, el crimen de la adolescente originaria de Cuajinicuilapa, Guerrero, y hallada muerta la semana pasada en Lo de Soto, Oaxaca.<\/p>\n\n\n\n<p>Asimismo, el de otra mujer asesinada en Mazatl\u00e1n Villa de Flores, a inicios de este mes de abril, en la comunidad de El Salvador.<\/p>\n\n\n\n<p>La se\u00f1ora Blanca Ivette C. V., de 28 a\u00f1os de edad, fue asesinada presuntamente por su esposo, Rodrigo D. C., supuestamente bajo los influjos del alcohol, quien despu\u00e9s se suicid\u00f3.<\/p>\n\n\n\n<p>\u201cSon una clara muestra de la grave situaci\u00f3n de violencia feminicida, donde las condiciones de inseguridad, la falta de aplicaci\u00f3n de protocolos para la localizaci\u00f3n de ni\u00f1as y mujeres desaparecidas, el machismo y la misoginia presente en las relaciones de pareja, en las instancias de atenci\u00f3n y de procuraci\u00f3n de justicia encargadas de prevenir y atender la violencia de g\u00e9nero, as\u00ed como la permisibilidad que da la impunidad, donde asesinar a una mujer no tiene consecuencias, da muestra de un Estado fallido\u201d, expuso.<\/p>\n\n\n\n<p>GES Mujer detall\u00f3 que en lo que va de este a\u00f1o suman 37 casos de muertes violentas de mujeres; es decir, que en menos de cuatro meses, se ha registrado el 41% de la totalidad de feminicidios ocurridos durante el 2021.<\/p>\n\n\n\n<p>Adem\u00e1s, 403 ni\u00f1as y mujeres han sido v\u00edctimas de asesinatos violentos desde la Declaratoria de Alerta por Violencia de G\u00e9nero, mecanismo definido para salvaguardar la integridad, la libertad y la vida de las mujeres.&nbsp;<\/p>\n\n\n\n<p>\u201cEl mecanismo se enfoc\u00f3 en 40 municipios identificados de alto riesgo, sin embargo, de la totalidad de casos registrados en el presente a\u00f1o, el 56% han ocurrido en \u00e9stos municipios y un 44% en otros no reconocidos como de riesgo, lo que pudiera significar que la violencia feminicida se ha extendido en el estado, mostrando adem\u00e1s que la AVG no ha funcionado\u201d, agreg\u00f3.<\/p>\n\n\n\n<p>\u201cDurante el actual proceso electoral se escuchar\u00e1, como cada per\u00edodo, en voces de candidatos y candidatas, infinidad de compromisos a favor del respeto a los derechos de las mujeres, entre ellos el derecho a vivir libres de todas las formas de violencia, pero cada vez es m\u00e1s claro que requerimos convertirnos en una sociedad m\u00e1s exigente.&nbsp;<\/p>\n\n\n\n<p>\u201cLas movilizaciones en las calles demandando justicia por las ni\u00f1as y mujeres desaparecidas y v\u00edctimas de feminicidio seguir\u00e1n creciendo frente a un Estado incapaz de salvaguardar nuestros derechos\u201d, remarc\u00f3 la asociaci\u00f3n civil que encabeza Ang\u00e9lica Ayala Ortiz.<\/p>\n","protected":false},"excerpt":{"rendered":"<p>Ismael Garc\u00eda M.\/Zona Roja. Oaxaca de Ju\u00e1rez, Oax., 18 de abril de 2022.- Como Sof\u00eda&hellip;<\/p>\n","protected":false},"author":2,"featured_media":17371,"comment_status":"closed","ping_status":"open","sticky":false,"template":"","format":"standard","meta":{"_lmt_disableupdate":"","_lmt_disable":"","_jetpack_memberships_contains_paid_content":false,"footnotes":""},"categories":[1],"tags":[],"class_list":["post-40127","post","type-post","status-publish","format-standard","has-post-thumbnail","hentry","category-sin-categoria"],"jetpack_featured_media_url":"https:\/\/zonaroja.com.mx\/wp-content\/uploads\/2020\/09\/Violencia-mujeres-3.jpg","jetpack_sharing_enabled":true,"_links":{"self":[{"href":"https:\/\/zonaroja.com.mx\/index.php?rest_route=\/wp\/v2\/posts\/40127","targetHints":{"allow":["GET"]}}],"collection":[{"href":"https:\/\/zonaroja.com.mx\/index.php?rest_route=\/wp\/v2\/posts"}],"about":[{"href":"https:\/\/zonaroja.com.mx\/index.php?rest_route=\/wp\/v2\/types\/post"}],"author":[{"embeddable":true,"href":"https:\/\/zonaroja.com.mx\/index.php?rest_route=\/wp\/v2\/users\/2"}],"replies":[{"embeddable":true,"href":"https:\/\/zonaroja.com.mx\/index.php?rest_route=%2Fwp%2Fv2%2Fcomments&post=40127"}],"version-history":[{"count":1,"href":"https:\/\/zonaroja.com.mx\/index.php?rest_route=\/wp\/v2\/posts\/40127\/revisions"}],"predecessor-version":[{"id":40128,"href":"https:\/\/zonaroja.com.mx\/index.php?rest_route=\/wp\/v2\/posts\/40127\/revisions\/40128"}],"wp:featuredmedia":[{"embeddable":true,"href":"https:\/\/zonaroja.com.mx\/index.php?rest_route=\/wp\/v2\/media\/17371"}],"wp:attachment":[{"href":"https:\/\/zonaroja.com.mx\/index.php?rest_route=%2Fwp%2Fv2%2Fmedia&parent=40127"}],"wp:term":[{"taxonomy":"category","embeddable":true,"href":"https:\/\/zonaroja.com.mx\/index.php?rest_route=%2Fwp%2Fv2%2Fcategories&post=40127"},{"taxonomy":"post_tag","embeddable":true,"href":"https:\/\/zonaroja.com.mx\/index.php?rest_route=%2Fwp%2Fv2%2Ftags&post=40127"}],"curies":[{"name":"wp","href":"https:\/\/api.w.org\/{rel}","templated":true}]}}