{"id":40131,"date":"2022-04-18T19:20:05","date_gmt":"2022-04-19T00:20:05","guid":{"rendered":"http:\/\/www.zonaroja.com.mx\/?p=40131"},"modified":"2022-04-18T19:20:07","modified_gmt":"2022-04-19T00:20:07","slug":"revocacion-de-mandato-transparencia-y-equidad-de-genero-proyecta-jara-para-gobernar","status":"publish","type":"post","link":"https:\/\/zonaroja.com.mx\/?p=40131","title":{"rendered":"Revocaci\u00f3n de mandato, transparencia y equidad de g\u00e9nero, proyecta Jara para gobernar"},"content":{"rendered":"\n<p>Yuridiana Sosa\/Zona Roja.<\/p>\n\n\n\n<p>Oaxaca de Ju\u00e1rez, Oax.,18 de abril de 2022.- El candidato a gobernador de Oaxaca de la coalici\u00f3n \u201cJuntos Hacemos Historia\u201d, Salom\u00f3n Jara Cruz, destac\u00f3 entre sus propuestas de gobierno la aplicaci\u00f3n de una consulta de revocaci\u00f3n de mandato para el gobierno estatal, y sea el pueblo el que decida al tercer a\u00f1o de gesti\u00f3n sobre la permanencia o destituci\u00f3n de un mandatario por su desempe\u00f1o.<\/p>\n\n\n\n<p>El postulado por Morena-PVEM-PT-PUP puntualiz\u00f3 este lunes, en conferencia de prensa en la regi\u00f3n del Istmo, sobre su plan de trabajo en caso de llegar a la gubernatura tras la elecci\u00f3n del 5 de junio, el cual tiene como uno de sus principales ejes la transparencia, honestidad y equidad de g\u00e9nero.<\/p>\n\n\n\n<p>Para eso, apunt\u00f3, su gobierno informar\u00e1 a la ciudadan\u00eda cada tres meses sobre la aplicaci\u00f3n de recursos p\u00fablicos, as\u00ed como no permitir\u00e1n actos de corrupci\u00f3n ni privilegios de los grupos de poder que han destruido al pa\u00eds y el estado.<\/p>\n\n\n\n<figure class=\"wp-block-embed is-type-rich is-provider-twitter wp-block-embed-twitter\"><div class=\"wp-block-embed__wrapper\">\n<div class=\"twitter-tweet\"><blockquote class=\"twitter-tweet\" data-lang=\"es\"><p lang=\"es\" dir=\"ltr\">Hoy presentamos nuestra propuesta de gobierno honesto, cercano y transparente, que se guiar\u00e1 con los principios de no robar, no mentir y no traicionar al pueblo, y tendr\u00e1 como base nuestro sistema social comunitario. Esa visi\u00f3n guiar\u00e1 nuestro trabajo todos los d\u00edas. <a href=\"https:\/\/t.co\/O0bsQvgXnj\">pic.twitter.com\/O0bsQvgXnj<\/a><\/p>&mdash; Salom\u00f3n Jara Cruz (@salomonj) <a href=\"https:\/\/twitter.com\/salomonj\/status\/1516074551070834688?ref_src=twsrc%5Etfw\">18 de abril de 2022<\/a><\/blockquote><\/div>\n<\/div><\/figure>\n\n\n\n<p>Como parte de su gobierno, proyecta retomar los valores y pr\u00e1cticas comunitarias para el desarrollo, como son los tequios y gozonas, adem\u00e1s, su administraci\u00f3n ser\u00e1 desde los pueblos, con la disposici\u00f3n de s\u00f3lo un d\u00eda para atender desde su oficina en palacio de gobierno. &nbsp;<\/p>\n\n\n\n<p>Entre las prioridades para gobernar, dijo, se encuentra la construcci\u00f3n de un gabinete paritario en el que las mujeres tengan poder de decisiones, as\u00ed como no permitir\u00e1 la violencia de g\u00e9nero contra las servidoras p\u00fablicas y ciudadanas.<\/p>\n\n\n\n<p>Jara Cruz considera necesario que en Oaxaca tambi\u00e9n se aplique el ejercicio de la consulta de revocaci\u00f3n de mandato y el cual pueda quedar establecido en las leyes estatales, y ser la primera entidad en que lo establezca como forma de gobierno.<\/p>\n\n\n\n<p>\u201cNuca m\u00e1s vamos a permitir que haya gobierno rico y pueblo pobre\u201d, sentenci\u00f3 el candidato de Morena en su encuentro con la prensa de la regi\u00f3n del Istmo.<\/p>\n","protected":false},"excerpt":{"rendered":"<p>Yuridiana Sosa\/Zona Roja. Oaxaca de Ju\u00e1rez, Oax.,18 de abril de 2022.- El candidato a gobernador&hellip;<\/p>\n","protected":false},"author":2,"featured_media":40126,"comment_status":"closed","ping_status":"open","sticky":false,"template":"","format":"standard","meta":{"_lmt_disableupdate":"","_lmt_disable":"","_jetpack_memberships_contains_paid_content":false,"footnotes":""},"categories":[109,46],"tags":[939],"class_list":["post-40131","post","type-post","status-publish","format-standard","has-post-thumbnail","hentry","category-minuto-a-minuto","category-zona-blanca","tag-salomon-jara-cruz"],"jetpack_featured_media_url":"https:\/\/zonaroja.com.mx\/wp-content\/uploads\/2022\/04\/Conferencia-de-prensa-Morena-Istmo-Salomon-Jara.jpeg","jetpack_sharing_enabled":true,"_links":{"self":[{"href":"https:\/\/zonaroja.com.mx\/index.php?rest_route=\/wp\/v2\/posts\/40131","targetHints":{"allow":["GET"]}}],"collection":[{"href":"https:\/\/zonaroja.com.mx\/index.php?rest_route=\/wp\/v2\/posts"}],"about":[{"href":"https:\/\/zonaroja.com.mx\/index.php?rest_route=\/wp\/v2\/types\/post"}],"author":[{"embeddable":true,"href":"https:\/\/zonaroja.com.mx\/index.php?rest_route=\/wp\/v2\/users\/2"}],"replies":[{"embeddable":true,"href":"https:\/\/zonaroja.com.mx\/index.php?rest_route=%2Fwp%2Fv2%2Fcomments&post=40131"}],"version-history":[{"count":1,"href":"https:\/\/zonaroja.com.mx\/index.php?rest_route=\/wp\/v2\/posts\/40131\/revisions"}],"predecessor-version":[{"id":40132,"href":"https:\/\/zonaroja.com.mx\/index.php?rest_route=\/wp\/v2\/posts\/40131\/revisions\/40132"}],"wp:featuredmedia":[{"embeddable":true,"href":"https:\/\/zonaroja.com.mx\/index.php?rest_route=\/wp\/v2\/media\/40126"}],"wp:attachment":[{"href":"https:\/\/zonaroja.com.mx\/index.php?rest_route=%2Fwp%2Fv2%2Fmedia&parent=40131"}],"wp:term":[{"taxonomy":"category","embeddable":true,"href":"https:\/\/zonaroja.com.mx\/index.php?rest_route=%2Fwp%2Fv2%2Fcategories&post=40131"},{"taxonomy":"post_tag","embeddable":true,"href":"https:\/\/zonaroja.com.mx\/index.php?rest_route=%2Fwp%2Fv2%2Ftags&post=40131"}],"curies":[{"name":"wp","href":"https:\/\/api.w.org\/{rel}","templated":true}]}}