{"id":40138,"date":"2022-04-18T22:20:48","date_gmt":"2022-04-19T03:20:48","guid":{"rendered":"http:\/\/www.zonaroja.com.mx\/?p=40138"},"modified":"2022-04-18T22:20:50","modified_gmt":"2022-04-19T03:20:50","slug":"inician-en-oaxaca-jornada-intensiva-de-vacunacion-contra-el-covid-19","status":"publish","type":"post","link":"https:\/\/zonaroja.com.mx\/?p=40138","title":{"rendered":"Inician en Oaxaca jornada intensiva de vacunaci\u00f3n contra el Covid-19"},"content":{"rendered":"\n<p>Redacci\u00f3n\/Zona Roja.<\/p>\n\n\n\n<p>Oaxaca de Ju\u00e1rez., Oax. 18 de abril de 2022.- Con el prop\u00f3sito de incrementar la cobertura de inmunizaci\u00f3n contra el Covid-19 en la poblaci\u00f3n mayor de 18 a\u00f1os de edad, instituciones del Sector Salud de Oaxaca activaron diferentes m\u00f3dulos para que las personas acudan a aplicarse la vacuna.<\/p>\n\n\n\n<p>En el caso del Gobierno del Estado, a trav\u00e9s de los Servicios de Salud de Oaxaca (SSO), este 18 de abril se abrieron 19 puntos activos en Unidades M\u00e9dicas (UM) del primer y segundo nivel de atenci\u00f3n, en los cuales se aplicar\u00e1 el biol\u00f3gico AstraZeneca hasta el 30 de abril del presente a\u00f1o.<\/p>\n\n\n\n<p>La instituci\u00f3n inform\u00f3 que los Hospitales B\u00e1sicos Comunitarios donde las y los oaxaque\u00f1os mayores de edad que no hayan recibido alguna dosis contra esta enfermedad respiratoria, as\u00ed como a aquellas que requieran completar su esquema o recibir el refuerzo de la tercera dosis son: Ixtl\u00e1n de Ju\u00e1rez, Tamazul\u00e1pam del Esp\u00edritu Santo, Nejapa de Madero, Villa Sola de Vega, La Paz-Teojomulco, San Pedro Huixtepec y Ejutla de Crespo.<\/p>\n\n\n\n<figure class=\"wp-block-embed\"><div class=\"wp-block-embed__wrapper\">\n<div class=\"twitter-tweet\"><blockquote class=\"twitter-tweet\" data-lang=\"es\"><p lang=\"es\" dir=\"ltr\">A las y los trabajadores del <a href=\"https:\/\/twitter.com\/GobOax?ref_src=twsrc%5Etfw\">@GobOax<\/a> y familiares, el <a href=\"https:\/\/twitter.com\/IMSS_Oaxaca?ref_src=twsrc%5Etfw\">@IMSS_Oaxaca<\/a> les informa que a partir de hoy Cd. Administrativa y Judicial son puntos de vacunaci\u00f3n COVID-19. <br>Se aplicar\u00e1 AstraZeneca a mayores de 18 a\u00f1os, para las primeras dos dosis o refuerzo. \u00a1No te quedes sin tu vacuna!<\/p>&mdash; Alejandro Murat (@alejandromurat) <a href=\"https:\/\/twitter.com\/alejandromurat\/status\/1516156244461068292?ref_src=twsrc%5Etfw\">18 de abril de 2022<\/a><\/blockquote><\/div>\n<\/div><\/figure>\n\n\n\n<p>En tanto, los Centros de Salud con puestos de vacunaci\u00f3n activos se ubican en: San Carlos Yautepec, Santiago Atitl\u00e1n, Santo Domingo Xagac\u00eda, San Melchor Betaza, San Ildefonso Villa Alta, La Natividad, Ixtl\u00e1n de Ju\u00e1rez, Capul\u00e1lpam de M\u00e9ndez, San Miguel Talea de Castro, San Francisco Coatl\u00e1n, San Pedro Ixtlahuaca, as\u00ed como Oaxaca de Ju\u00e1rez (CS-Urbano de la Colonia Estrella).<\/p>\n\n\n\n<p>Cabe destacar que la vacuna anticovid en esta fase intensiva tambi\u00e9n podr\u00e1 aplicarse en 25 Unidades M\u00e9dicas Familiares (UMF), cuatro Hospitales Ordinarios del Instituto Mexicano del Seguro Social (IMSS), 101 Unidades M\u00e9dicas Rurales (UMR) y nueve hospitales del Programa IMSS r\u00e9gimen bienestar.<\/p>\n\n\n\n<p>Asimismo, este lunes se instalaron m\u00f3dulos para la inmunizaci\u00f3n en la: Central de Abastos, el Centro Administrativo del Poder Ejecutivo y Judicial \u201cGeneral Porfirio D\u00edaz\u201d y Ciudad Administrativa \u201cBenem\u00e9rito de las Am\u00e9ricas\u201d, entre otros sitios p\u00fablicos ubicados en la capital del estado y Valles Centrales.<\/p>\n\n\n\n<p>Los SSO hicieron el llamado a las y los oaxaque\u00f1os a que acudan a los puntos de vacunaci\u00f3n activos para recibir la dosis requerida y estar al pendiente de los m\u00f3dulos que se abrir\u00e1n en los pr\u00f3ximos d\u00edas, y se pueda contribuir a la lucha contra la pandemia.<\/p>\n","protected":false},"excerpt":{"rendered":"<p>Redacci\u00f3n\/Zona Roja. Oaxaca de Ju\u00e1rez., Oax. 18 de abril de 2022.- Con el prop\u00f3sito de&hellip;<\/p>\n","protected":false},"author":2,"featured_media":40139,"comment_status":"closed","ping_status":"open","sticky":false,"template":"","format":"standard","meta":{"_lmt_disableupdate":"","_lmt_disable":"","_jetpack_memberships_contains_paid_content":false,"footnotes":""},"categories":[109,46],"tags":[1512],"class_list":["post-40138","post","type-post","status-publish","format-standard","has-post-thumbnail","hentry","category-minuto-a-minuto","category-zona-blanca","tag-coronavirus-oaxaca"],"jetpack_featured_media_url":"https:\/\/zonaroja.com.mx\/wp-content\/uploads\/2022\/04\/Activan-en-Oaxaca-puntos-de-vacunacion-contra-COVID-19-en-Unidades-Medicas-3.jpg","jetpack_sharing_enabled":true,"_links":{"self":[{"href":"https:\/\/zonaroja.com.mx\/index.php?rest_route=\/wp\/v2\/posts\/40138","targetHints":{"allow":["GET"]}}],"collection":[{"href":"https:\/\/zonaroja.com.mx\/index.php?rest_route=\/wp\/v2\/posts"}],"about":[{"href":"https:\/\/zonaroja.com.mx\/index.php?rest_route=\/wp\/v2\/types\/post"}],"author":[{"embeddable":true,"href":"https:\/\/zonaroja.com.mx\/index.php?rest_route=\/wp\/v2\/users\/2"}],"replies":[{"embeddable":true,"href":"https:\/\/zonaroja.com.mx\/index.php?rest_route=%2Fwp%2Fv2%2Fcomments&post=40138"}],"version-history":[{"count":1,"href":"https:\/\/zonaroja.com.mx\/index.php?rest_route=\/wp\/v2\/posts\/40138\/revisions"}],"predecessor-version":[{"id":40140,"href":"https:\/\/zonaroja.com.mx\/index.php?rest_route=\/wp\/v2\/posts\/40138\/revisions\/40140"}],"wp:featuredmedia":[{"embeddable":true,"href":"https:\/\/zonaroja.com.mx\/index.php?rest_route=\/wp\/v2\/media\/40139"}],"wp:attachment":[{"href":"https:\/\/zonaroja.com.mx\/index.php?rest_route=%2Fwp%2Fv2%2Fmedia&parent=40138"}],"wp:term":[{"taxonomy":"category","embeddable":true,"href":"https:\/\/zonaroja.com.mx\/index.php?rest_route=%2Fwp%2Fv2%2Fcategories&post=40138"},{"taxonomy":"post_tag","embeddable":true,"href":"https:\/\/zonaroja.com.mx\/index.php?rest_route=%2Fwp%2Fv2%2Ftags&post=40138"}],"curies":[{"name":"wp","href":"https:\/\/api.w.org\/{rel}","templated":true}]}}