{"id":40141,"date":"2022-04-19T07:30:47","date_gmt":"2022-04-19T12:30:47","guid":{"rendered":"http:\/\/www.zonaroja.com.mx\/?p=40141"},"modified":"2022-04-19T07:30:50","modified_gmt":"2022-04-19T12:30:50","slug":"el-covid-inicio-la-semana-en-oaxaca-con-2-contagios-y-1-deceso","status":"publish","type":"post","link":"https:\/\/zonaroja.com.mx\/?p=40141","title":{"rendered":"El Covid inici\u00f3 la semana en Oaxaca con 2 contagios y 1 deceso"},"content":{"rendered":"\n<p>Redacci\u00f3n\/Zona Roja.<\/p>\n\n\n\n<p>Oaxaca de Ju\u00e1rez, Oax. 19 de abril de 2022.- Los casos activos de Covid-19 se mantienen con tendencia descendente, pues este lunes los Servicios de Salud de Oaxaca (SSO) reportan 92 personas que enfermaron en los \u00faltimos 14 d\u00edas, identificados en 19 municipios de la entidad.<\/p>\n\n\n\n<p>Sin embargo, la dependencia exhorta a las y los oaxaque\u00f1os a no confiarse, adem\u00e1s de mantener las medidas sanitarias, evitar lugares concurridos, ventilar los espacios cerrados, para extender este panorama a la baja y evitar que exista una quinta ola de contagios que crezca r\u00e1pidamente.<\/p>\n\n\n\n<p>El reporte t\u00e9cnico de este lunes tambi\u00e9n indica que, Oaxaca suma dos nuevos contagios del SARS-CoV-2 y una muerte m\u00e1s en las \u00faltimas 24 horas, que elevaron a 119 mil 562 los casos acumulados y seis mil 157 los decesos.<\/p>\n\n\n\n<p>Desde el comienzo de la emergencia sanitaria, el Sector Salud ha recibido 209 mil 161 notificaciones de personas con s\u00edntomas relacionados a la patolog\u00eda viral, 83 mil 797 son negativos, cinco mil 802 se encuentran como sospechosos y 113 mil 313 se han recuperado de la enfermedad.<\/p>\n\n\n\n<figure class=\"wp-block-embed is-type-rich is-provider-twitter wp-block-embed-twitter\"><div class=\"wp-block-embed__wrapper\">\n<div class=\"twitter-tweet\"><blockquote class=\"twitter-tweet\" data-lang=\"es\"><p lang=\"es\" dir=\"ltr\"><a href=\"https:\/\/twitter.com\/hashtag\/%C3%9AltimoMinuto?src=hash&amp;ref_src=twsrc%5Etfw\">#\u00daltimoMinuto<\/a> <br>Este lunes los <a href=\"https:\/\/twitter.com\/SSO_GobOax?ref_src=twsrc%5Etfw\">@SSO_GobOax<\/a> reportaron 2 casos positivos, 1 deceso y 92 casos activos de Covid en la entidad. <br>Suman 119 mil 562 casos confirmados y 6 mil 157 defunciones.<br>Hay 4 nosocomios llenos; ocupaci\u00f3n hospitalaria sube a 8.2%. <a href=\"https:\/\/t.co\/vjTgBWWo4q\">pic.twitter.com\/vjTgBWWo4q<\/a><\/p>&mdash; Zona Roja Oaxaca (@ZonaRoja_Oaxaca) <a href=\"https:\/\/twitter.com\/ZonaRoja_Oaxaca\/status\/1516270037539119108?ref_src=twsrc%5Etfw\">19 de abril de 2022<\/a><\/blockquote><\/div>\n<\/div><\/figure>\n\n\n\n<p>Respecto a los nuevos casos de Covid-19 al corte de este 18 de abril, uno corresponde a la localidad de San Juan Bautista Tuxtepec y uno m\u00e1s a San Pablo Huixtepec.<\/p>\n\n\n\n<p>En cuanto a las zonas m\u00e1s afectadas, Valles Centrales encabeza la lista con 72 mil 995 confirmados, 28 activos y dos mil 678 fallecimientos; en tanto, el Istmo concentra 16 mil 688 confirmados, 11 activos y mil 351 defunciones; seguido de Tuxtepec, nueve mil 023 confirmados, 44 activos y 621 muertes; Costa, ocho mil 303 confirmados, ocho activos y 518 fallecimientos; Mixteca, ocho mil 721 confirmados, un activo y 646 defunciones; Sierra, tres mil 832 confirmados, cero activos y 343 muertes.<\/p>\n\n\n\n<p>As\u00ed tambi\u00e9n, la red hospitalaria en la entidad se mantiene por debajo del 10% de saturaci\u00f3n, ya que durante la \u00faltima jornada se reportan 29 pacientes internados, dos son de nuevo ingreso, con cuatro nosocomios que trabajan al 100% de su capacidad, por lo que hay 91.8 % de disponibilidad de camas para la atenci\u00f3n de la pandemia.<\/p>\n\n\n\n<p>Esta dependencia recuerda a la ciudadan\u00eda la importancia de usar el cubrebocas de manera correcta al salir de casa, en el transporte p\u00fablico, tiendas de autoservicio, oficinas, en el espacio p\u00fablico y al tener contacto con otras personas, ya que el Covid-19 se propaga cuando una persona infectada -con s\u00edntomas o asintom\u00e1tica- exhala gotitas y part\u00edculas respiratorias que contienen el virus.<\/p>\n","protected":false},"excerpt":{"rendered":"<p>Redacci\u00f3n\/Zona Roja. Oaxaca de Ju\u00e1rez, Oax. 19 de abril de 2022.- Los casos activos de&hellip;<\/p>\n","protected":false},"author":2,"featured_media":40143,"comment_status":"closed","ping_status":"open","sticky":false,"template":"","format":"standard","meta":{"_lmt_disableupdate":"","_lmt_disable":"","_jetpack_memberships_contains_paid_content":false,"footnotes":""},"categories":[109,47],"tags":[1512],"class_list":["post-40141","post","type-post","status-publish","format-standard","has-post-thumbnail","hentry","category-minuto-a-minuto","category-zona-gris","tag-coronavirus-oaxaca"],"jetpack_featured_media_url":"https:\/\/zonaroja.com.mx\/wp-content\/uploads\/2022\/04\/Covid-Oaxaca-18-abril.jpg","jetpack_sharing_enabled":true,"_links":{"self":[{"href":"https:\/\/zonaroja.com.mx\/index.php?rest_route=\/wp\/v2\/posts\/40141","targetHints":{"allow":["GET"]}}],"collection":[{"href":"https:\/\/zonaroja.com.mx\/index.php?rest_route=\/wp\/v2\/posts"}],"about":[{"href":"https:\/\/zonaroja.com.mx\/index.php?rest_route=\/wp\/v2\/types\/post"}],"author":[{"embeddable":true,"href":"https:\/\/zonaroja.com.mx\/index.php?rest_route=\/wp\/v2\/users\/2"}],"replies":[{"embeddable":true,"href":"https:\/\/zonaroja.com.mx\/index.php?rest_route=%2Fwp%2Fv2%2Fcomments&post=40141"}],"version-history":[{"count":1,"href":"https:\/\/zonaroja.com.mx\/index.php?rest_route=\/wp\/v2\/posts\/40141\/revisions"}],"predecessor-version":[{"id":40144,"href":"https:\/\/zonaroja.com.mx\/index.php?rest_route=\/wp\/v2\/posts\/40141\/revisions\/40144"}],"wp:featuredmedia":[{"embeddable":true,"href":"https:\/\/zonaroja.com.mx\/index.php?rest_route=\/wp\/v2\/media\/40143"}],"wp:attachment":[{"href":"https:\/\/zonaroja.com.mx\/index.php?rest_route=%2Fwp%2Fv2%2Fmedia&parent=40141"}],"wp:term":[{"taxonomy":"category","embeddable":true,"href":"https:\/\/zonaroja.com.mx\/index.php?rest_route=%2Fwp%2Fv2%2Fcategories&post=40141"},{"taxonomy":"post_tag","embeddable":true,"href":"https:\/\/zonaroja.com.mx\/index.php?rest_route=%2Fwp%2Fv2%2Ftags&post=40141"}],"curies":[{"name":"wp","href":"https:\/\/api.w.org\/{rel}","templated":true}]}}