{"id":40149,"date":"2022-04-20T10:58:00","date_gmt":"2022-04-20T15:58:00","guid":{"rendered":"http:\/\/www.zonaroja.com.mx\/?p=40149"},"modified":"2022-04-20T07:44:51","modified_gmt":"2022-04-20T12:44:51","slug":"opinion-ahi-se-va","status":"publish","type":"post","link":"https:\/\/zonaroja.com.mx\/?p=40149","title":{"rendered":"Opini\u00f3n. \u00a1Ah\u00ed se va!"},"content":{"rendered":"\n<p>N\u00e9stor Y. S\u00e1nchez Islas<\/p>\n\n\n\n<p>La temporada de campa\u00f1as pol\u00edticas lleg\u00f3 otra vez y, por todos los medios posibles, recibimos toda clases de promesas de bienestar, pero sin aclarar de qu\u00e9 forma las har\u00e1 realidad el candidato ganador.<\/p>\n\n\n\n<p>Tenemos a la mano las promesas de campa\u00f1a de Alejandro Murat y sobre de ellas podemos realizar un listado para confirmar qu\u00e9&nbsp;pudo cumplir y qu\u00e9&nbsp;no, sin olvidar que compiti\u00f3 con Salom\u00f3n Jara en esa elecci\u00f3n y que \u00e9ste tambi\u00e9n prometi\u00f3 las perlas de la virgen, igual que las ofrece hoy con la imposici\u00f3n en nuestra tierra de la terrible y falsa 4T.<\/p>\n\n\n\n<p>Prometi\u00f3 Alejandro Murat aprovechar la zona econ\u00f3mica especial, as\u00ed llamado antes al ahora corredor trans\u00edstmico, multiplicar los parques e\u00f3licos, hacer que Oaxaca dejara de ser un referente de pobreza y convertirnos en uno de sustentabilidad, desarrollo econ\u00f3mico y social. Ser\u00edamos una capital tur\u00edstica y cultural l\u00edder en Latinoam\u00e9rica.<\/p>\n\n\n\n<p>Prometi\u00f3, adem\u00e1s, lo de siempre: caminos pavimentados, agua potable, drenaje y salud. Adem\u00e1s de concluir hospitales y surtirlos de m\u00e9dicos y medicamentos criticando de este modo la pol\u00edtica de Gabino de Cu\u00e9 de dejar la salud a la deriva, al igual que AMLO.<\/p>\n\n\n\n<p>No hay candidato que no ofrezca acabar con la corrupci\u00f3n y elevar la calidad moral de la sociedad, crear parques industriales y traer empresas a invertir su capital aqu\u00ed.&nbsp;Las carreteras al istmo y la costa son promesas&nbsp;de caj\u00f3n tambi\u00e9n para los candidatos de hoy.<\/p>\n\n\n\n<p>Para tener un mejor contexto hay que resaltar que Alejandro Murat era parte del gabinete ampliado de Enrique Pe\u00f1a Nieto y de la burbuja mexiquense en el poder, adem\u00e1s de que lleg\u00f3 con el apoyo vendido del \u201cPartido Verde\u201d&nbsp;y del Panal de Elba Esther Gordillo.&nbsp;<\/p>\n\n\n\n<p>En aquellos a\u00f1os estuvo de moda la declaraci\u00f3n \u201c3 de 3\u201d en que deb\u00edan transparentar sus bienes, misma que hizo pero que dej\u00f3 muchas dudas respecto de sus ingresos y propiedades, pero por lo abultado de las mismas.<\/p>\n\n\n\n<p>Hoy&nbsp;preside&nbsp;la n\u00e9mesis de Pe\u00f1a y los verdes se vendieron en otra direcci\u00f3n, pero no importa, los principios siempre se acomodan de acuerdo con donde soplen los vientos pol\u00edticos.&nbsp;Lo de hoy en el gobierno federal es la regresi\u00f3n a los a\u00f1os 60 del siglo pasado.<\/p>\n\n\n\n<p>Al dejar la gubernatura dejar\u00e1 de tener el control del aparato&nbsp;propagand\u00edstico&nbsp;que, desde el gobierno magnifica lo que quiera y oculta lo que no quiere que se sepa. Ya tendremos tiempo para conocer los abusos cometidos en este sexenio.<\/p>\n\n\n\n<p>Por lo pronto, a pocos meses de dejar el cargo, no hay obras relevantes que presentar. A marchas forzadas y en medio de un caos infernal se trabaja en la carretera de salida hacia el aeropuerto y en la que va por el bordo del r\u00edo Atoyac. Es probable que no se concluyan o que, en todo caso, por las prisas se hagan al \u201cah\u00ed se va\u201d.<\/p>\n\n\n\n<p>Demolieron el Teatro \u00c1lvaro Carrillo sin presentar pruebas de sus da\u00f1os estructurales y, por lo que se&nbsp;cree, esa obra tampoco estar\u00e1 lista en tiempo y forma.<\/p>\n\n\n\n<p>La construcci\u00f3n que intenta privatizar la gastronom\u00eda popular, el \u201cCentro Gastron\u00f3mico\u201d tampoco est\u00e1 listo. Apenas hace unos d\u00edas desalojaron a los empleados del Registro Civil y, tambi\u00e9n, es probable que en los meses restantes no se concluya o, lo peor, es que sea inaugurado al \u201cah\u00ed se va\u201d.&nbsp;Esta obra es la privatizaci\u00f3n de la gastronom\u00eda en favor de unos pocos consentidos del gobernador.<\/p>\n\n\n\n<p>As\u00ed fue el inicio de esta administraci\u00f3n, al \u201cah\u00ed se va\u201d. El b\u00fanker de Santa Luc\u00eda o tambi\u00e9n llamado \u201cCentro Cultural y de Convenciones\u201d es prueba palpable de que se trata de tomarse la foto para la historia y despu\u00e9s dejar en el abandono las obras.<\/p>\n\n\n\n<p>Ese centro de convenciones qued\u00f3 a medias hace casi seis a\u00f1os. El proyecto es bueno, pero la pol\u00edtica lo ech\u00f3 a perder. Se trataba de un conjunto arquitect\u00f3nico que cambiar\u00eda el rostro&nbsp;de la zona y se integrar\u00eda a su barrio. Seguro usted no lo sabe, pero en las azoteas se construyeron canchas de basquetbol y futbol que jam\u00e1s han sido abiertas, pero en cambio, colocaron en la entrada, que siempre deber\u00eda estar abierta, un enrejado con polic\u00edas que impiden el paso a todos los que no est\u00e9n invitados. La obra se inaugur\u00f3 al \u201cah\u00ed se va\u201d&nbsp;y sigue inconclusa y muy maltratada por el uso pol\u00edtico y no cultural que se le da.<\/p>\n\n\n\n<p>Puede presumir el gobernador el \u00e9xito del mezcal y la afluencia de turismo, pero no puede hablar del colosal da\u00f1o ecol\u00f3gico&nbsp;que est\u00e1 en gestaci\u00f3n&nbsp;por&nbsp;el desmonte desmedido de cerros y laderas para sembrar agave. Esas&nbsp;tierras, en unos a\u00f1os, ser\u00e1n un p\u00e1ramo des\u00e9rtico&nbsp;y esa ser\u00e1 la herencia&nbsp;de este gobierno.<\/p>\n\n\n\n<p>La ciudad es un desastre y es responsabilidad tanto del presidente municipal como del gobernador&nbsp;que, como pol\u00edticos que son, privilegian el \u201cah\u00ed se va\u201d&nbsp;y las obras a medias para proyectarse en los medios&nbsp;y ganar popularidad.&nbsp;<\/p>\n\n\n\n<p>\u00bfQu\u00e9 pas\u00f3 con el cr\u00e9dito de 3,500 millones de pesos que eran para, entre otras cosas,&nbsp;sacar a los soldados de Ixcotel y construir una gran&nbsp;zona comercial, universitaria y hotelera?&nbsp;El gobernador ya se va, pero nosotros&nbsp;lo pagaremos por a\u00f1os.<\/p>\n\n\n\n<p>Twitter @nestoryuri<\/p>\n","protected":false},"excerpt":{"rendered":"<p>N\u00e9stor Y. S\u00e1nchez Islas La temporada de campa\u00f1as pol\u00edticas lleg\u00f3 otra vez y, por todos&hellip;<\/p>\n","protected":false},"author":2,"featured_media":39532,"comment_status":"closed","ping_status":"open","sticky":false,"template":"","format":"standard","meta":{"_lmt_disableupdate":"","_lmt_disable":"","_jetpack_memberships_contains_paid_content":false,"footnotes":""},"categories":[456,109],"tags":[3050],"class_list":["post-40149","post","type-post","status-publish","format-standard","has-post-thumbnail","hentry","category-columna","category-minuto-a-minuto","tag-nestor-yuri-sanchez"],"jetpack_featured_media_url":"https:\/\/zonaroja.com.mx\/wp-content\/uploads\/2022\/04\/Elecciones-Mexico-partidos.jpeg","jetpack_sharing_enabled":true,"_links":{"self":[{"href":"https:\/\/zonaroja.com.mx\/index.php?rest_route=\/wp\/v2\/posts\/40149","targetHints":{"allow":["GET"]}}],"collection":[{"href":"https:\/\/zonaroja.com.mx\/index.php?rest_route=\/wp\/v2\/posts"}],"about":[{"href":"https:\/\/zonaroja.com.mx\/index.php?rest_route=\/wp\/v2\/types\/post"}],"author":[{"embeddable":true,"href":"https:\/\/zonaroja.com.mx\/index.php?rest_route=\/wp\/v2\/users\/2"}],"replies":[{"embeddable":true,"href":"https:\/\/zonaroja.com.mx\/index.php?rest_route=%2Fwp%2Fv2%2Fcomments&post=40149"}],"version-history":[{"count":1,"href":"https:\/\/zonaroja.com.mx\/index.php?rest_route=\/wp\/v2\/posts\/40149\/revisions"}],"predecessor-version":[{"id":40150,"href":"https:\/\/zonaroja.com.mx\/index.php?rest_route=\/wp\/v2\/posts\/40149\/revisions\/40150"}],"wp:featuredmedia":[{"embeddable":true,"href":"https:\/\/zonaroja.com.mx\/index.php?rest_route=\/wp\/v2\/media\/39532"}],"wp:attachment":[{"href":"https:\/\/zonaroja.com.mx\/index.php?rest_route=%2Fwp%2Fv2%2Fmedia&parent=40149"}],"wp:term":[{"taxonomy":"category","embeddable":true,"href":"https:\/\/zonaroja.com.mx\/index.php?rest_route=%2Fwp%2Fv2%2Fcategories&post=40149"},{"taxonomy":"post_tag","embeddable":true,"href":"https:\/\/zonaroja.com.mx\/index.php?rest_route=%2Fwp%2Fv2%2Ftags&post=40149"}],"curies":[{"name":"wp","href":"https:\/\/api.w.org\/{rel}","templated":true}]}}