{"id":4015,"date":"2019-09-16T14:34:09","date_gmt":"2019-09-16T19:34:09","guid":{"rendered":"https:\/\/www.zonaroja.com.mx\/?p=4015"},"modified":"2019-09-16T14:34:11","modified_gmt":"2019-09-16T19:34:11","slug":"sin-freno-feminicidios-y-violencia-contra-mujeres-en-oaxaca-102-casos-este-ano","status":"publish","type":"post","link":"https:\/\/zonaroja.com.mx\/?p=4015","title":{"rendered":"Sin freno, feminicidios y violencia contra mujeres en Oaxaca; 102 casos este a\u00f1o"},"content":{"rendered":"\n<p>Evlin Arag\u00f3n\/ Zona Roja. <\/p>\n\n\n\n<p>Oaxaca de Ju\u00e1rez, Oax., 16 de septiembre de 2019.- En plena temporada de fiestas patrias, el Centro de Documentaci\u00f3n del Grupo de estudios sobre la mujer \u201cRosario Castellanos\u201d(GESMujer), registr\u00f3 351 casos de feminicidios en la entidad oaxaque\u00f1a, en lo que va de la administraci\u00f3n de Alejandro Murat Hinojosa.<\/p>\n\n\n\n<p>De acuerdo con el seguimiento hemerogr\u00e1fico que realiza la organizaci\u00f3n, con corte del 13 de septiembre, 102 mujeres han sido asesinadas en lo que va de este 2019, cifra que de seguir a la alza pudiera, resultar en el a\u00f1o m\u00e1s violento para las oaxaque\u00f1as. <\/p>\n\n\n\n<p>El Istmo se ha convertido en la regi\u00f3n m\u00e1s peligrosa para las mujeres al registrar un 26 por ciento de los feminicidios en la entidad, seguida de Valles Centrales y Costa que siguen siendo los focos rojos en torno a la violencia feminicida en el estado.&nbsp;<\/p>\n\n\n\n<p>Aunque en la mayor\u00eda de los casos no se informa sobre el agresor de la v\u00edctima, se interpreta que se trata de sus parejas sentimentales o personas cercanas a ellas, ya que los cuerpos en un 31 por ciento son encontrados al interior de sus viviendas, seguido de la v\u00eda publica, en poblados lejanos y solitarios en donde los cuerpos de las mujeres presentan huellas de violencia sexual.<\/p>\n\n\n\n<p>Los impactos de balas, apu\u00f1alamiento y los golpes son&nbsp;<a href=\"\/\/1\">las tres<\/a>&nbsp;principales formas en las que las mujeres son asesinadas, en su mayor\u00eda entre 16 y 44 a\u00f1os de edad, rango de edad que registra el 49 por ciento de los feminicidios en la entidad oaxaque\u00f1a.&nbsp;<\/p>\n\n\n\n<p>El registro que realiza GesMujer incluye nueve suicidios de mujeres, cinco de ellos en Valles Centrales, dos en la Sierra Sur, uno en la Costa y uno m\u00e1s en el Istmo, en su mayor\u00eda de j\u00f3venes de entre 15 y 29 a\u00f1os. <\/p>\n\n\n\n<p>Al respecto, este domingo al mediod\u00eda, presuntamente tras discutir con su pareja, una mujer de aproximadamente 37 a\u00f1os, se tir\u00f3 del puente vehicular sobre el r\u00edo \u201cAtoyac\u201d, en inmediaciones de la colonia Vicente Su\u00e1rez de la ciudad de Oaxaca.<\/p>\n\n\n\n<p>La persona que responde al nombre de Concepci\u00f3n V. R., cay\u00f3 en tierra, por lo que qued\u00f3 malherida, en tanto que su supuesta pareja \u00fanicamente la miraba a un lado, por lo anterior tuvo que ser trasladada al Hospital General \u201cDr. Aurelio Valdivieso\u201d, donde se reportaba grave.<br class=\"Apple-interchange-newline\" \/><\/p>\n\n\n\n<p><\/p>\n","protected":false},"excerpt":{"rendered":"<p>Evlin Arag\u00f3n\/ Zona Roja. Oaxaca de Ju\u00e1rez, Oax., 16 de septiembre de 2019.- En plena&hellip;<\/p>\n","protected":false},"author":2,"featured_media":3785,"comment_status":"closed","ping_status":"open","sticky":false,"template":"","format":"standard","meta":{"_lmt_disableupdate":"","_lmt_disable":"","_jetpack_memberships_contains_paid_content":false,"footnotes":""},"categories":[1],"tags":[],"class_list":["post-4015","post","type-post","status-publish","format-standard","has-post-thumbnail","hentry","category-sin-categoria"],"jetpack_featured_media_url":"https:\/\/zonaroja.com.mx\/wp-content\/uploads\/2019\/09\/femini.jpg","jetpack_sharing_enabled":true,"_links":{"self":[{"href":"https:\/\/zonaroja.com.mx\/index.php?rest_route=\/wp\/v2\/posts\/4015","targetHints":{"allow":["GET"]}}],"collection":[{"href":"https:\/\/zonaroja.com.mx\/index.php?rest_route=\/wp\/v2\/posts"}],"about":[{"href":"https:\/\/zonaroja.com.mx\/index.php?rest_route=\/wp\/v2\/types\/post"}],"author":[{"embeddable":true,"href":"https:\/\/zonaroja.com.mx\/index.php?rest_route=\/wp\/v2\/users\/2"}],"replies":[{"embeddable":true,"href":"https:\/\/zonaroja.com.mx\/index.php?rest_route=%2Fwp%2Fv2%2Fcomments&post=4015"}],"version-history":[{"count":1,"href":"https:\/\/zonaroja.com.mx\/index.php?rest_route=\/wp\/v2\/posts\/4015\/revisions"}],"predecessor-version":[{"id":4016,"href":"https:\/\/zonaroja.com.mx\/index.php?rest_route=\/wp\/v2\/posts\/4015\/revisions\/4016"}],"wp:featuredmedia":[{"embeddable":true,"href":"https:\/\/zonaroja.com.mx\/index.php?rest_route=\/wp\/v2\/media\/3785"}],"wp:attachment":[{"href":"https:\/\/zonaroja.com.mx\/index.php?rest_route=%2Fwp%2Fv2%2Fmedia&parent=4015"}],"wp:term":[{"taxonomy":"category","embeddable":true,"href":"https:\/\/zonaroja.com.mx\/index.php?rest_route=%2Fwp%2Fv2%2Fcategories&post=4015"},{"taxonomy":"post_tag","embeddable":true,"href":"https:\/\/zonaroja.com.mx\/index.php?rest_route=%2Fwp%2Fv2%2Ftags&post=4015"}],"curies":[{"name":"wp","href":"https:\/\/api.w.org\/{rel}","templated":true}]}}