{"id":40158,"date":"2022-04-19T08:19:56","date_gmt":"2022-04-19T13:19:56","guid":{"rendered":"http:\/\/www.zonaroja.com.mx\/?p=40158"},"modified":"2022-04-19T08:19:57","modified_gmt":"2022-04-19T13:19:57","slug":"en-2021-desaparecieron-14-menores-cada-dia-en-mexico","status":"publish","type":"post","link":"https:\/\/zonaroja.com.mx\/?p=40158","title":{"rendered":"En 2021 desaparecieron 14 menores cada d\u00eda en M\u00e9xico"},"content":{"rendered":"\n<p>Redacci\u00f3n\/Zona Roja Cdmx.<\/p>\n\n\n\n<p>Ciudad de M\u00e9xico, 19 de abril de 2022.- Durante 2021 se reportaron a diario 14 personas de 0 a 17 a\u00f1os como desaparecidas en M\u00e9xico, de acuerdo con el informe presentado este lunes por la Red por los Derechos de la Infancia en M\u00e9xico (Redim).<\/p>\n\n\n\n<p>El documento tambi\u00e9n refiere que hasta el 11 de abril, y desde 1964, cuando inici\u00f3 el registro, se contabilizan 82,328 menores desaparecidos, aunque solamente uno de cada cinco permanece no localizado.<\/p>\n\n\n\n<p>Adem\u00e1s, dos de cada tres menores registrados como desaparecidos son mujeres (55,873). Y tres de cada cuatro personas desaparecidas de entre 0 y 17 a\u00f1os son adolescentes.<\/p>\n\n\n\n<p>El documento fue presentado en el marco del informe del Comit\u00e9 de la ONU Contra las Desapariciones Forzadas (CED), publicado el pasado 12 de abril sobre la visita a M\u00e9xico, donde se acumulan, seg\u00fan datos oficiales, cerca de 100,000 desaparecidos, que llev\u00f3 a cabo entre el 15 y el 26 de noviembre de 2021.<\/p>\n\n\n\n<p>Para la ONG, este informe es de gran \u201cvalor\u201d tanto por las recomendaciones al Estado mexicano como por haber tenido en cuenta a las asociaciones civiles y organizaciones, como es el caso de este organismo.<\/p>\n\n\n\n<p>\u201cPara Redim es muy importante que el comit\u00e9 haya tomado nota de esta problem\u00e1tica\u201d, expres\u00f3 en conferencia de prensa Tania Ram\u00edrez, directora ejecutiva de la Red.<\/p>\n\n\n\n<p>Ram\u00edrez detall\u00f3 que desde 2006 despuntaron las desapariciones coincidiendo con la llamada guerra contra el narcotr\u00e1fico, a partir de la presidencia de Felipe Calder\u00f3n (2006-2012).<\/p>\n\n\n\n<p>Durante el Gobierno de Enrique Pe\u00f1a Nieto (2012-2018) continu\u00f3 y se acentu\u00f3, se\u00f1al\u00f3 la experta.<\/p>\n\n\n\n<p>Asimismo, el informe de Redim detall\u00f3 que cuatro de cada diez casos de desapariciones de menores de edad se concentran en el Estado de M\u00e9xico, Tamaulipas y Jalisco.<\/p>\n\n\n\n<p>Ram\u00edrez se refiri\u00f3 tambi\u00e9n a cuatro recomendaciones \u201cclave\u201d que hizo el CED al Estado mexicano.<\/p>\n\n\n\n<p>La primera de ellas, la \u201curgencia de que las autoridades puedan establecer mecanismos \u00e1giles, eficaces y transparente para que el registro de personas desaparecidas pueda tener informaci\u00f3n no duplicada y sin errores\u201d.<\/p>\n\n\n\n<p>En segundo lugar, la urgencia de emprender una amplia campa\u00f1a nacional de sensibilizaci\u00f3n que \u201ccontrarreste la victimizaci\u00f3n\u201d que sufren las v\u00edctimas.<\/p>\n\n\n\n<p>Asimismo, la necesidad de atender con un foco diferencial de enfoque de ni\u00f1ez y por \u00faltimo la importancia de los registros de huellas, aunque los menores de edad no pueden estar dentro de ellos y el acta de nacimiento es el \u00fanico medio de identificaci\u00f3n.<\/p>\n\n\n\n<p>(Informaci\u00f3n de EFE en \u201cEl Financiero\u201d)<\/p>\n","protected":false},"excerpt":{"rendered":"<p>Redacci\u00f3n\/Zona Roja Cdmx. Ciudad de M\u00e9xico, 19 de abril de 2022.- Durante 2021 se reportaron&hellip;<\/p>\n","protected":false},"author":2,"featured_media":36241,"comment_status":"closed","ping_status":"open","sticky":false,"template":"","format":"standard","meta":{"_lmt_disableupdate":"","_lmt_disable":"","_jetpack_memberships_contains_paid_content":false,"footnotes":""},"categories":[109,47],"tags":[],"class_list":["post-40158","post","type-post","status-publish","format-standard","has-post-thumbnail","hentry","category-minuto-a-minuto","category-zona-gris"],"jetpack_featured_media_url":"https:\/\/zonaroja.com.mx\/wp-content\/uploads\/2022\/01\/Desaparecidos-Oaxaca.jpg","jetpack_sharing_enabled":true,"_links":{"self":[{"href":"https:\/\/zonaroja.com.mx\/index.php?rest_route=\/wp\/v2\/posts\/40158","targetHints":{"allow":["GET"]}}],"collection":[{"href":"https:\/\/zonaroja.com.mx\/index.php?rest_route=\/wp\/v2\/posts"}],"about":[{"href":"https:\/\/zonaroja.com.mx\/index.php?rest_route=\/wp\/v2\/types\/post"}],"author":[{"embeddable":true,"href":"https:\/\/zonaroja.com.mx\/index.php?rest_route=\/wp\/v2\/users\/2"}],"replies":[{"embeddable":true,"href":"https:\/\/zonaroja.com.mx\/index.php?rest_route=%2Fwp%2Fv2%2Fcomments&post=40158"}],"version-history":[{"count":1,"href":"https:\/\/zonaroja.com.mx\/index.php?rest_route=\/wp\/v2\/posts\/40158\/revisions"}],"predecessor-version":[{"id":40159,"href":"https:\/\/zonaroja.com.mx\/index.php?rest_route=\/wp\/v2\/posts\/40158\/revisions\/40159"}],"wp:featuredmedia":[{"embeddable":true,"href":"https:\/\/zonaroja.com.mx\/index.php?rest_route=\/wp\/v2\/media\/36241"}],"wp:attachment":[{"href":"https:\/\/zonaroja.com.mx\/index.php?rest_route=%2Fwp%2Fv2%2Fmedia&parent=40158"}],"wp:term":[{"taxonomy":"category","embeddable":true,"href":"https:\/\/zonaroja.com.mx\/index.php?rest_route=%2Fwp%2Fv2%2Fcategories&post=40158"},{"taxonomy":"post_tag","embeddable":true,"href":"https:\/\/zonaroja.com.mx\/index.php?rest_route=%2Fwp%2Fv2%2Ftags&post=40158"}],"curies":[{"name":"wp","href":"https:\/\/api.w.org\/{rel}","templated":true}]}}