{"id":40160,"date":"2022-04-19T08:30:00","date_gmt":"2022-04-19T13:30:00","guid":{"rendered":"http:\/\/www.zonaroja.com.mx\/?p=40160"},"modified":"2022-04-19T08:30:02","modified_gmt":"2022-04-19T13:30:02","slug":"por-10-dias-buscaron-a-adolescente-de-huajuapan-pero-huyo-de-sus-padres","status":"publish","type":"post","link":"https:\/\/zonaroja.com.mx\/?p=40160","title":{"rendered":"Por 10 d\u00edas buscaron a adolescente de Huajuapan, pero huy\u00f3 de sus padres"},"content":{"rendered":"\n<p>Redacci\u00f3n\/Zona Roja.<\/p>\n\n\n\n<p>Oaxaca de Ju\u00e1rez, Oax., 19 de abril de 2022.- Por m\u00e1s de 10 d\u00edas, padres, familiares y sociedad de Huajuapan de Le\u00f3n, adem\u00e1s de autoridades estatales, buscaron intensamente a Edel Andr\u00e9s R. R.<\/p>\n\n\n\n<p>El adolescente de 17 a\u00f1os de edad fue reportado como desaparecido el pasado 4 de abril en la colonia San \u00c1ngel y desde entonces la angustia cimbr\u00f3 a todos.<\/p>\n\n\n\n<p>Tras la emisi\u00f3n de la ficha por parte de la Unidad de Personas No Localizadas, de la Fiscal\u00eda General del Estado, se intensificaron las tareas para hallar a \u00c9del Andr\u00e9s.<\/p>\n\n\n\n<p>Luego de m\u00e1s de 10 d\u00edas de intensa b\u00fasqueda a cargo de la Vicefiscal\u00eda Regional de la Mixteca y la Unidad de B\u00fasqueda de Personas No Localizadas (DNOL) que incluy\u00f3 recorrido en colonias aleda\u00f1as, bares, centros de esparcimiento, unidades deportivas, terminales de autobuses y otros sitios de la regi\u00f3n, adem\u00e1s de la labor de inteligencia, los familiares del adolescente recibieron mensajes de un sujeto, quien inform\u00f3 que el adolescente se encontraba en el estado de Puebla y estar\u00eda en la central de autobuses de ese estado.&nbsp;<\/p>\n\n\n\n<p>Tras ello, la Fiscal\u00eda solicit\u00f3 la colaboraci\u00f3n de elementos de investigaci\u00f3n de Puebla, quienes apoyaron a los padres que se trasladaron a este sitio para encontrarse con su hijo; la localizaci\u00f3n y aseguramiento del adolescente Edel Andr\u00e9s se realiz\u00f3 el domingo 17 de abril en la referida estaci\u00f3n de autobuses.<\/p>\n\n\n\n<p>De acuerdo con las indagatorias, presuntamente el gasto excesivo de una beca escolar ocasion\u00f3 una acalorada discusi\u00f3n entre la madre y su hijo adolescente llamado Edel Andr\u00e9s, provocando que escapara de su hogar.<\/p>\n","protected":false},"excerpt":{"rendered":"<p>Redacci\u00f3n\/Zona Roja. Oaxaca de Ju\u00e1rez, Oax., 19 de abril de 2022.- Por m\u00e1s de 10&hellip;<\/p>\n","protected":false},"author":2,"featured_media":40161,"comment_status":"closed","ping_status":"open","sticky":false,"template":"","format":"standard","meta":{"_lmt_disableupdate":"","_lmt_disable":"","_jetpack_memberships_contains_paid_content":false,"footnotes":""},"categories":[109,47],"tags":[594],"class_list":["post-40160","post","type-post","status-publish","format-standard","has-post-thumbnail","hentry","category-minuto-a-minuto","category-zona-gris","tag-huajuapan-de-leon"],"jetpack_featured_media_url":"https:\/\/zonaroja.com.mx\/wp-content\/uploads\/2022\/04\/Desaparece-joven-en-Huajuapan-1.jpg.webp","jetpack_sharing_enabled":true,"_links":{"self":[{"href":"https:\/\/zonaroja.com.mx\/index.php?rest_route=\/wp\/v2\/posts\/40160","targetHints":{"allow":["GET"]}}],"collection":[{"href":"https:\/\/zonaroja.com.mx\/index.php?rest_route=\/wp\/v2\/posts"}],"about":[{"href":"https:\/\/zonaroja.com.mx\/index.php?rest_route=\/wp\/v2\/types\/post"}],"author":[{"embeddable":true,"href":"https:\/\/zonaroja.com.mx\/index.php?rest_route=\/wp\/v2\/users\/2"}],"replies":[{"embeddable":true,"href":"https:\/\/zonaroja.com.mx\/index.php?rest_route=%2Fwp%2Fv2%2Fcomments&post=40160"}],"version-history":[{"count":1,"href":"https:\/\/zonaroja.com.mx\/index.php?rest_route=\/wp\/v2\/posts\/40160\/revisions"}],"predecessor-version":[{"id":40162,"href":"https:\/\/zonaroja.com.mx\/index.php?rest_route=\/wp\/v2\/posts\/40160\/revisions\/40162"}],"wp:featuredmedia":[{"embeddable":true,"href":"https:\/\/zonaroja.com.mx\/index.php?rest_route=\/wp\/v2\/media\/40161"}],"wp:attachment":[{"href":"https:\/\/zonaroja.com.mx\/index.php?rest_route=%2Fwp%2Fv2%2Fmedia&parent=40160"}],"wp:term":[{"taxonomy":"category","embeddable":true,"href":"https:\/\/zonaroja.com.mx\/index.php?rest_route=%2Fwp%2Fv2%2Fcategories&post=40160"},{"taxonomy":"post_tag","embeddable":true,"href":"https:\/\/zonaroja.com.mx\/index.php?rest_route=%2Fwp%2Fv2%2Ftags&post=40160"}],"curies":[{"name":"wp","href":"https:\/\/api.w.org\/{rel}","templated":true}]}}