{"id":40163,"date":"2022-04-19T12:25:11","date_gmt":"2022-04-19T17:25:11","guid":{"rendered":"https:\/\/www.zonaroja.com.mx\/?p=40163"},"modified":"2022-04-19T12:26:24","modified_gmt":"2022-04-19T17:26:24","slug":"teme-familia-de-claudia-uruchurtu-a-estrategias-de-obstruccion-de-justicia","status":"publish","type":"post","link":"https:\/\/zonaroja.com.mx\/?p=40163","title":{"rendered":"Teme familia de Claudia Uruchurtu a estrategias de obstrucci\u00f3n de justicia"},"content":{"rendered":"\n<p>Yuridiana Sosa\/Zona Roja.<\/p>\n\n\n\n<p>Oaxaca de Ju\u00e1rez, Oax., 19 de abril de 2022.- A m\u00e1s de un a\u00f1o de la desaparici\u00f3n forzada de Claudia Uruchurtu Cruz, ocurrida en marzo de 2021 en Asunci\u00f3n Nochixtl\u00e1n, la familia denunci\u00f3 una serie de incidencias que dilatan el proceso de justicia, con reiterados aplazamientos de las audiencias, incluyendo el desahogo de la audiencia intermedia.<\/p>\n\n\n\n<p>La familia Uruchurtu Cruz destac\u00f3 los tropiezos de las autoridades en el contexto de la Audiencia Intermedia programada para este 19 de abril, por lo que exigieron al Poder Judicial que se respeten sus derechos como v\u00edctimas, que la administraci\u00f3n de justicia sea imparcial y apegada a derecho, as\u00ed como resolver el caso de Claudia con base en las pruebas desahogadas en juicio.<\/p>\n\n\n\n<p>\u201cComo v\u00edctimas indirectas hemos tenido que enfrentar una abierta dilaci\u00f3n en el proceso, debido al reiterado aplazamiento de las audiencias, incluyendo el desahogo de la audiencia intermedia, la cual se ha pospuesto al menos en cuatro ocasiones, esto a pesar de ser esta audiencia de suma relevancia en tanto se trata de la etapa en la cual se ofrecer\u00e1n y admitir\u00e1n los medios de prueba a las partes, para concluir con el dictado del auto de apertura a juicio\u201d, detallaron los familiares de la v\u00edctima.<\/p>\n\n\n\n<p>Elizabeth, Hayde, Sara Uruchurtu Cruz destacaron que hasta el momento la \u00fanica informaci\u00f3n con la que cuentan es \u201cel se\u00f1alamiento de responsabilidad de la ex presidenta municipal&nbsp;(Lizbeth Victoria Huerta)&nbsp;su asesor jur\u00eddico y dem\u00e1s personal municipal\u201d, sin embargo, a la fecha Claudia no ha sido localizada.<\/p>\n\n\n\n<p>Es por eso que resaltan una falta de continuidad del proceso penal, pero ahora les preocupa que esta dilaci\u00f3n contin\u00fae el contexto electoral que vive Oaxaca, \u201cporque pareciera que se tratan de empatar los tiempos de elecci\u00f3n del pr\u00f3ximo o pr\u00f3xima gobernadora con las audiencias del caso de nuestra hermana\u201d, manifestaron.<\/p>\n\n\n\n<p>Destacaron que no est\u00e1n dispuestas a tolerar la ausencia del debido proceso legal y sea vulnerando su derecho como v\u00edctimas indirectas de acceder a la justicia de manera pronta y expedita.<\/p>\n\n\n\n<p>Ante la falta de resultados en la localizaci\u00f3n de Claudia, las hermanas  exhortaron a la Comisi\u00f3n Nacional de B\u00fasqueda y su hom\u00f3loga estatal, para que mejoren los mecanismos de coordinaci\u00f3n e implementaci\u00f3n de los planes de b\u00fasqueda, mientras tanto la familia continuar\u00e1 con su b\u00fasqueda.<\/p>\n","protected":false},"excerpt":{"rendered":"<p>Yuridiana Sosa\/Zona Roja. Oaxaca de Ju\u00e1rez, Oax., 19 de abril de 2022.- A m\u00e1s de&hellip;<\/p>\n","protected":false},"author":2,"featured_media":26928,"comment_status":"closed","ping_status":"open","sticky":false,"template":"","format":"standard","meta":{"_lmt_disableupdate":"","_lmt_disable":"","_jetpack_memberships_contains_paid_content":false,"footnotes":""},"categories":[109,47],"tags":[],"class_list":["post-40163","post","type-post","status-publish","format-standard","has-post-thumbnail","hentry","category-minuto-a-minuto","category-zona-gris"],"jetpack_featured_media_url":"https:\/\/zonaroja.com.mx\/wp-content\/uploads\/2021\/05\/b80fe86b-8f12-48bb-8738-d583cfa4b81f.jpg","jetpack_sharing_enabled":true,"_links":{"self":[{"href":"https:\/\/zonaroja.com.mx\/index.php?rest_route=\/wp\/v2\/posts\/40163","targetHints":{"allow":["GET"]}}],"collection":[{"href":"https:\/\/zonaroja.com.mx\/index.php?rest_route=\/wp\/v2\/posts"}],"about":[{"href":"https:\/\/zonaroja.com.mx\/index.php?rest_route=\/wp\/v2\/types\/post"}],"author":[{"embeddable":true,"href":"https:\/\/zonaroja.com.mx\/index.php?rest_route=\/wp\/v2\/users\/2"}],"replies":[{"embeddable":true,"href":"https:\/\/zonaroja.com.mx\/index.php?rest_route=%2Fwp%2Fv2%2Fcomments&post=40163"}],"version-history":[{"count":1,"href":"https:\/\/zonaroja.com.mx\/index.php?rest_route=\/wp\/v2\/posts\/40163\/revisions"}],"predecessor-version":[{"id":40164,"href":"https:\/\/zonaroja.com.mx\/index.php?rest_route=\/wp\/v2\/posts\/40163\/revisions\/40164"}],"wp:featuredmedia":[{"embeddable":true,"href":"https:\/\/zonaroja.com.mx\/index.php?rest_route=\/wp\/v2\/media\/26928"}],"wp:attachment":[{"href":"https:\/\/zonaroja.com.mx\/index.php?rest_route=%2Fwp%2Fv2%2Fmedia&parent=40163"}],"wp:term":[{"taxonomy":"category","embeddable":true,"href":"https:\/\/zonaroja.com.mx\/index.php?rest_route=%2Fwp%2Fv2%2Fcategories&post=40163"},{"taxonomy":"post_tag","embeddable":true,"href":"https:\/\/zonaroja.com.mx\/index.php?rest_route=%2Fwp%2Fv2%2Ftags&post=40163"}],"curies":[{"name":"wp","href":"https:\/\/api.w.org\/{rel}","templated":true}]}}