{"id":4017,"date":"2019-09-16T15:55:20","date_gmt":"2019-09-16T20:55:20","guid":{"rendered":"http:\/\/www.zonaroja.com.mx\/?p=4017"},"modified":"2019-09-16T15:55:22","modified_gmt":"2019-09-16T20:55:22","slug":"dice-gobernador-de-oaxaca-que-trabaja-para-reducir-la-violencia-de-genero","status":"publish","type":"post","link":"https:\/\/zonaroja.com.mx\/?p=4017","title":{"rendered":"Dice gobernador de Oaxaca que trabaja para reducir la violencia de g\u00e9nero"},"content":{"rendered":"\n<p>Redacci\u00f3n\/Zona\nRoja.<\/p>\n\n\n\n<p>Oaxaca de\nJu\u00e1rez, Oax., 16 de septiembre de 2019.- El gobernador de Oaxaca, Alejandro\nMurat Hinojosa, asegur\u00f3 que respeta mucho la informaci\u00f3n que difunden las\norganizaciones sociales en torno a la violencia de g\u00e9nero y feminicida, y asegur\u00f3\nque su administraci\u00f3n trabaja para enfrentar la problem\u00e1tica con las acciones\nque sean necesarias.<\/p>\n\n\n\n<p>Expuso que\nhace falta un compromiso por parte de toda la sociedad para conseguir el \u00e9xito\nen los programas implementados por su administraci\u00f3n, a fin de que permitan que\nlas mujeres tengan la plenitud de ejercer sus derechos humanos y lograr sus\nsue\u00f1os.&nbsp; <\/p>\n\n\n\n<p>\u201cAsumir el\ncompromiso todos los que formamos parte de la sociedad; claramente en mi\ngobierno asumo el liderazgo de todas las acciones; cada segundo, cada minuto\ndel d\u00eda tenemos que trabajar para que ya no sea un tema que tengamos de\nhablar\u201d, manifest\u00f3 en entrevista colectiva con medios de comunicaci\u00f3n.<\/p>\n\n\n\n<p>En el tema del ambulantaje en el Centro Hist\u00f3rico de la capital, el mandatario estatal asegur\u00f3 que mantendr\u00e1n las pl\u00e1ticas con todos los grupos que mantienen presencia en el espacio p\u00fablico, y adelant\u00f3 que habr\u00e1 un cambio importante.<\/p>\n\n\n\n<figure class=\"wp-block-embed-twitter wp-block-embed is-type-rich is-provider-twitter\"><div class=\"wp-block-embed__wrapper\">\n<div class=\"twitter-tweet\"><blockquote class=\"twitter-tweet\" data-lang=\"es\"><p lang=\"es\" dir=\"ltr\">El gobernador de <a href=\"https:\/\/twitter.com\/hashtag\/Oaxaca?src=hash&amp;ref_src=twsrc%5Etfw\">#Oaxaca<\/a>, <a href=\"https:\/\/twitter.com\/alejandromurat?ref_src=twsrc%5Etfw\">@alejandromurat<\/a>, asegura que trabaja para enfrentar el tema de la violencia de g\u00e9nero; dijo que respeta las posturas de las organizaciones civiles, pero que s\u00ed hay acciones de gobierno a favor de la protecci\u00f3n de las mujeres. <a href=\"https:\/\/t.co\/Y6s4zLsF3r\">pic.twitter.com\/Y6s4zLsF3r<\/a><\/p>&mdash; Zona Roja Oaxaca (@MexRoja) <a href=\"https:\/\/twitter.com\/MexRoja\/status\/1173701643159953408?ref_src=twsrc%5Etfw\">16 de septiembre de 2019<\/a><\/blockquote><\/div>\n<\/div><\/figure>\n\n\n\n<p>De forma\nparticular con el grupo de desplazados triquis, que desde hace nueve a\u00f1os\nmantienen un \u201cplant\u00f3n\u201d en los corredores del Palacio de Gobierno, Murat\nHinojosa detall\u00f3 que mantienen las pl\u00e1ticas y esperan en breve lograr los\nacuerdos necesarios que permitan su retiro definitivo del lugar.<\/p>\n\n\n\n<p>\u201cNosotros\nestamos siempre en pl\u00e1tica, respetamos las acciones que realizan y estamos\ncoordinados con la Corte Interamericana de Derechos Humanos para llegar a un\nacuerdo y soluci\u00f3n, esperemos que en breve logremos ese objetivo\u201d, dijo.<\/p>\n\n\n\n<p>En torno a\nlos cuestionamientos de la lenta reconstrucci\u00f3n en la zona del Istmo y las\nmanifestaciones al respecto, el gobernador detall\u00f3 que se mantienen los\ntrabajos.<\/p>\n\n\n\n<p>Sin embargo,\ndijo que es real que el Comit\u00e9 T\u00e9cnico del Fonden no ha sesionado para poder\nbajar los recursos federales, situaci\u00f3n que tiene en pausa los trabajos en la\nzona afectada con los sismos del 2017, los cuales asegur\u00f3 continuaran hasta\nconcluirse.<\/p>\n\n\n\n<p>\u201cQuiero\ndarle la certeza a todos los padres de familia de que estamos trabajando y\nocupados para que esto se solucione el asunto de los recursos en esta pr\u00f3xima\nsemana y&nbsp; se puedan reiniciar los\ntrabajos hasta concluir los centros educativos en la zona del Istmo\u201d, remarc\u00f3.<\/p>\n\n\n\n<p>Por otra\nparte, detall\u00f3 que en breve har\u00e1 un importante anunci\u00f3 para dar soluci\u00f3n al\nconflicto que se vive en San Pedro y San Pablo Ayutla con Tamazul\u00e1pam del\nEsp\u00edritu Santo, que desde hace dos a\u00f1os mantienen una pugna por el acceso al\nmanantial que dota de agua a las localidades.<\/p>\n\n\n\n<p>As\u00ed como\nmantienen el di\u00e1logo con las comunidades de San Miguel Quetzaltepec y San Juan\nBosco Chuxnaban para evitar que el conflicto adquiera otras dimensiones.<\/p>\n","protected":false},"excerpt":{"rendered":"<p>Redacci\u00f3n\/Zona Roja. Oaxaca de Ju\u00e1rez, Oax., 16 de septiembre de 2019.- El gobernador de Oaxaca,&hellip;<\/p>\n","protected":false},"author":2,"featured_media":4018,"comment_status":"closed","ping_status":"open","sticky":false,"template":"","format":"standard","meta":{"_lmt_disableupdate":"","_lmt_disable":"","_jetpack_memberships_contains_paid_content":false,"footnotes":""},"categories":[109,47],"tags":[173,190],"class_list":["post-4017","post","type-post","status-publish","format-standard","has-post-thumbnail","hentry","category-minuto-a-minuto","category-zona-gris","tag-alejandro-murat-hinojosa","tag-violencia-de-genero"],"jetpack_featured_media_url":"https:\/\/zonaroja.com.mx\/wp-content\/uploads\/2019\/09\/eZy-Watermark_16-09-2019_03-42-03p.-m..jpg","jetpack_sharing_enabled":true,"_links":{"self":[{"href":"https:\/\/zonaroja.com.mx\/index.php?rest_route=\/wp\/v2\/posts\/4017","targetHints":{"allow":["GET"]}}],"collection":[{"href":"https:\/\/zonaroja.com.mx\/index.php?rest_route=\/wp\/v2\/posts"}],"about":[{"href":"https:\/\/zonaroja.com.mx\/index.php?rest_route=\/wp\/v2\/types\/post"}],"author":[{"embeddable":true,"href":"https:\/\/zonaroja.com.mx\/index.php?rest_route=\/wp\/v2\/users\/2"}],"replies":[{"embeddable":true,"href":"https:\/\/zonaroja.com.mx\/index.php?rest_route=%2Fwp%2Fv2%2Fcomments&post=4017"}],"version-history":[{"count":1,"href":"https:\/\/zonaroja.com.mx\/index.php?rest_route=\/wp\/v2\/posts\/4017\/revisions"}],"predecessor-version":[{"id":4019,"href":"https:\/\/zonaroja.com.mx\/index.php?rest_route=\/wp\/v2\/posts\/4017\/revisions\/4019"}],"wp:featuredmedia":[{"embeddable":true,"href":"https:\/\/zonaroja.com.mx\/index.php?rest_route=\/wp\/v2\/media\/4018"}],"wp:attachment":[{"href":"https:\/\/zonaroja.com.mx\/index.php?rest_route=%2Fwp%2Fv2%2Fmedia&parent=4017"}],"wp:term":[{"taxonomy":"category","embeddable":true,"href":"https:\/\/zonaroja.com.mx\/index.php?rest_route=%2Fwp%2Fv2%2Fcategories&post=4017"},{"taxonomy":"post_tag","embeddable":true,"href":"https:\/\/zonaroja.com.mx\/index.php?rest_route=%2Fwp%2Fv2%2Ftags&post=4017"}],"curies":[{"name":"wp","href":"https:\/\/api.w.org\/{rel}","templated":true}]}}