{"id":40183,"date":"2022-04-19T22:03:17","date_gmt":"2022-04-20T03:03:17","guid":{"rendered":"http:\/\/www.zonaroja.com.mx\/?p=40183"},"modified":"2022-04-19T22:03:18","modified_gmt":"2022-04-20T03:03:18","slug":"matan-a-cinco-personas-este-martes-en-oaxaca-dos-en-puerto-escondido","status":"publish","type":"post","link":"https:\/\/zonaroja.com.mx\/?p=40183","title":{"rendered":"Matan a cinco personas este martes en Oaxaca; dos en Puerto Escondido"},"content":{"rendered":"\n<p>Redacci\u00f3n\/Zona Roja.<\/p>\n\n\n\n<p>Oaxaca de Ju\u00e1rez, Oax., 19 de abril de 2022.- Al menos cinco personas fueron asesinadas este martes en el estado de Oaxaca.<\/p>\n\n\n\n<p>Dos cr\u00edmenes ocurrieron la tarde de hoy en Puerto Escondido, destino tur\u00edstico perteneciente al municipio de San Pedro Mixtepec, en la regi\u00f3n de la Costa.<\/p>\n\n\n\n<p>Fue en la calle Segunda Norte de la colonia \u00c9bano donde fue localizado un veh\u00edculo y en su interior dos cuerpos sin vida, de un hombre y una mujer, hasta ahora no identificados, que presentan disparos de arma de fuego.<\/p>\n\n\n\n<p>Mientras que en el camino local de Santiago Jamiltepec a La Humedad, fue localizado el cuerpo sin vida de un individuo en el interior de un veh\u00edculo, marca Ford tipo Fiesta; hasta el momento tampoco ha sido identificado.<\/p>\n\n\n\n<p>En tanto que en Ocotl\u00e1n de Morelos, en la regi\u00f3n Valles Centrales, fue asesinada una persona de aproximadamente 60 a\u00f1os de edad, identificada como Felipe L. A.\u00a0<\/p>\n\n\n\n<p>El cuerpo se hall\u00f3 alrededor de las 13:00 horas en la calle Industria esquina con Francisco Villa de la cabecera municipal.<\/p>\n\n\n\n<p>Tambi\u00e9n la tarde de hoy, en el municipio de Loma Bonita, fue asesinado un individuo en el interior de un domicilio, ubicado en la calle Revoluci\u00f3n de la colonia Josefa Ortiz de Dom\u00ednguez.<\/p>\n\n\n\n<p>La v\u00edctima fue identificada de manera preliminar como Jos\u00e9 Manuel C., de oficio m\u00fasico; presenta varios impactos de arma de fuego en el cuerpo.<\/p>\n","protected":false},"excerpt":{"rendered":"<p>Redacci\u00f3n\/Zona Roja. Oaxaca de Ju\u00e1rez, Oax., 19 de abril de 2022.- Al menos cinco personas&hellip;<\/p>\n","protected":false},"author":2,"featured_media":29993,"comment_status":"closed","ping_status":"open","sticky":false,"template":"","format":"standard","meta":{"_lmt_disableupdate":"","_lmt_disable":"","_jetpack_memberships_contains_paid_content":false,"footnotes":""},"categories":[109,51],"tags":[590],"class_list":["post-40183","post","type-post","status-publish","format-standard","has-post-thumbnail","hentry","category-minuto-a-minuto","category-zona-roja","tag-puerto-escondido"],"jetpack_featured_media_url":"https:\/\/zonaroja.com.mx\/wp-content\/uploads\/2021\/07\/Escena-balazos.jpg","jetpack_sharing_enabled":true,"_links":{"self":[{"href":"https:\/\/zonaroja.com.mx\/index.php?rest_route=\/wp\/v2\/posts\/40183","targetHints":{"allow":["GET"]}}],"collection":[{"href":"https:\/\/zonaroja.com.mx\/index.php?rest_route=\/wp\/v2\/posts"}],"about":[{"href":"https:\/\/zonaroja.com.mx\/index.php?rest_route=\/wp\/v2\/types\/post"}],"author":[{"embeddable":true,"href":"https:\/\/zonaroja.com.mx\/index.php?rest_route=\/wp\/v2\/users\/2"}],"replies":[{"embeddable":true,"href":"https:\/\/zonaroja.com.mx\/index.php?rest_route=%2Fwp%2Fv2%2Fcomments&post=40183"}],"version-history":[{"count":1,"href":"https:\/\/zonaroja.com.mx\/index.php?rest_route=\/wp\/v2\/posts\/40183\/revisions"}],"predecessor-version":[{"id":40184,"href":"https:\/\/zonaroja.com.mx\/index.php?rest_route=\/wp\/v2\/posts\/40183\/revisions\/40184"}],"wp:featuredmedia":[{"embeddable":true,"href":"https:\/\/zonaroja.com.mx\/index.php?rest_route=\/wp\/v2\/media\/29993"}],"wp:attachment":[{"href":"https:\/\/zonaroja.com.mx\/index.php?rest_route=%2Fwp%2Fv2%2Fmedia&parent=40183"}],"wp:term":[{"taxonomy":"category","embeddable":true,"href":"https:\/\/zonaroja.com.mx\/index.php?rest_route=%2Fwp%2Fv2%2Fcategories&post=40183"},{"taxonomy":"post_tag","embeddable":true,"href":"https:\/\/zonaroja.com.mx\/index.php?rest_route=%2Fwp%2Fv2%2Ftags&post=40183"}],"curies":[{"name":"wp","href":"https:\/\/api.w.org\/{rel}","templated":true}]}}