{"id":40185,"date":"2022-04-20T09:00:00","date_gmt":"2022-04-20T14:00:00","guid":{"rendered":"http:\/\/www.zonaroja.com.mx\/?p=40185"},"modified":"2022-04-19T22:15:04","modified_gmt":"2022-04-20T03:15:04","slug":"percibe-inseguridad-publica-el-70-de-capitalinos-en-oaxaca-inegi","status":"publish","type":"post","link":"https:\/\/zonaroja.com.mx\/?p=40185","title":{"rendered":"Percibe inseguridad p\u00fablica el 70% de capitalinos en Oaxaca: Inegi"},"content":{"rendered":"\n<p>Yuridiana Sosa\/Zona Roja. Foto: Ilustrativa<\/p>\n\n\n\n<p>Oaxaca de Ju\u00e1rez, Oax., 20 de abril de 2022.- La violencia y concurrencia de hechos delictivos sigue acechando a la poblaci\u00f3n de Oaxaca de Ju\u00e1rez, donde el 69.9 por ciento de los habitantes consider\u00f3 que vive en una ciudad insegura, de acuerdo a datos de la Encuesta Nacional de Seguridad P\u00fablica Urbana (ENSU) del primer trimestre de 2022.<\/p>\n\n\n\n<p>La encuesta por parte del Instituto Nacional de Estad\u00edstica y Geograf\u00eda (Inegi) revel\u00f3 que pr\u00e1cticamente el 70 por ciento de los capitalinos en Oaxaca se sienten inseguros de vivir en su municipio, lo que supera el promedio de la media nacional de 66.2 por ciento.<\/p>\n\n\n\n<p>El resultado del primer trimestre representa una baja en la percepci\u00f3n de inseguridad en comparaci\u00f3n a diciembre de 2021 que arroj\u00f3 un 71.4 por ciento, as\u00ed como en comparaci\u00f3n a marzo de 2021 con un promedio de 70.5 por ciento.<\/p>\n\n\n\n<p>Mientras que el promedio de la poblaci\u00f3n de 18 a\u00f1os y m\u00e1s que experiment\u00f3 conflictos o enfrentamiento increment\u00f3 al inicio de este 2022 en comparaci\u00f3n al cierre del cuarto trimestre de 2021, al pasar de 28.9 a 29.4 por ciento.<\/p>\n\n\n\n<p>En tanto, que para marzo de este a\u00f1o la efectividad del gobierno municipal (a cargo de Francisco Mart\u00ednez Neri) para resolver las principales problem\u00e1ticas fue calificada con un 24.5 por ciento.<\/p>\n\n\n\n<p>PANORAMA NACIONAL<\/p>\n\n\n\n<p>La ENSU destac\u00f3 que la percepci\u00f3n de la poblaci\u00f3n sobre la seguridad p\u00fablica no representa un cambio significativo entre los porcentajes registrados en marzo de este a\u00f1o y diciembre de 2021, de 66.4 y 65.8 por ciento, respectivamente<\/p>\n\n\n\n<p>Las ciudades con mayor&nbsp;porcentaje de percepci\u00f3n de inseguridad fueron: Fresnillo, 97.1; Ciudad Obreg\u00f3n, 94.1; Zacatecas, 91.7; Cuautitl\u00e1n Izcalli, 89.5; Irapuato, 87.6 y Guadalajara, 87.1 por ciento.<\/p>\n\n\n\n<p>Con menor percepci\u00f3n de inseguridad destacaron San Pedro Garza Garc\u00eda, 11.7; Tampico, 20.4; Piedras Negras, 22.2; M\u00e9rida, 22.4 y Saltillo, 24.1 por ciento.<\/p>\n\n\n\n<p>Respecto a los espacios donde la poblaci\u00f3n se siente menos segura, la encuesta apunt\u00f3 que el<\/p>\n\n\n\n<p>76.4 por ciento de la poblaci\u00f3n siente inseguridad en los cajeros autom\u00e1ticos localizados en la v\u00eda p\u00fablica; 70.2 por ciento en el transporte p\u00fablico, 61.7 por ciento en el banco y 58.6 por ciento en las calles que habitualmente usa.<\/p>\n","protected":false},"excerpt":{"rendered":"<p>Yuridiana Sosa\/Zona Roja. Foto: Ilustrativa Oaxaca de Ju\u00e1rez, Oax., 20 de abril de 2022.- La&hellip;<\/p>\n","protected":false},"author":2,"featured_media":32832,"comment_status":"closed","ping_status":"open","sticky":false,"template":"","format":"standard","meta":{"_lmt_disableupdate":"","_lmt_disable":"","_jetpack_memberships_contains_paid_content":false,"footnotes":""},"categories":[109,47],"tags":[148],"class_list":["post-40185","post","type-post","status-publish","format-standard","has-post-thumbnail","hentry","category-minuto-a-minuto","category-zona-gris","tag-oaxaca-de-juarez"],"jetpack_featured_media_url":"https:\/\/zonaroja.com.mx\/wp-content\/uploads\/2021\/10\/Asalto-ciudad-de-Oaxaca.jpg","jetpack_sharing_enabled":true,"_links":{"self":[{"href":"https:\/\/zonaroja.com.mx\/index.php?rest_route=\/wp\/v2\/posts\/40185","targetHints":{"allow":["GET"]}}],"collection":[{"href":"https:\/\/zonaroja.com.mx\/index.php?rest_route=\/wp\/v2\/posts"}],"about":[{"href":"https:\/\/zonaroja.com.mx\/index.php?rest_route=\/wp\/v2\/types\/post"}],"author":[{"embeddable":true,"href":"https:\/\/zonaroja.com.mx\/index.php?rest_route=\/wp\/v2\/users\/2"}],"replies":[{"embeddable":true,"href":"https:\/\/zonaroja.com.mx\/index.php?rest_route=%2Fwp%2Fv2%2Fcomments&post=40185"}],"version-history":[{"count":1,"href":"https:\/\/zonaroja.com.mx\/index.php?rest_route=\/wp\/v2\/posts\/40185\/revisions"}],"predecessor-version":[{"id":40186,"href":"https:\/\/zonaroja.com.mx\/index.php?rest_route=\/wp\/v2\/posts\/40185\/revisions\/40186"}],"wp:featuredmedia":[{"embeddable":true,"href":"https:\/\/zonaroja.com.mx\/index.php?rest_route=\/wp\/v2\/media\/32832"}],"wp:attachment":[{"href":"https:\/\/zonaroja.com.mx\/index.php?rest_route=%2Fwp%2Fv2%2Fmedia&parent=40185"}],"wp:term":[{"taxonomy":"category","embeddable":true,"href":"https:\/\/zonaroja.com.mx\/index.php?rest_route=%2Fwp%2Fv2%2Fcategories&post=40185"},{"taxonomy":"post_tag","embeddable":true,"href":"https:\/\/zonaroja.com.mx\/index.php?rest_route=%2Fwp%2Fv2%2Ftags&post=40185"}],"curies":[{"name":"wp","href":"https:\/\/api.w.org\/{rel}","templated":true}]}}