{"id":40190,"date":"2022-04-20T09:57:00","date_gmt":"2022-04-20T14:57:00","guid":{"rendered":"http:\/\/www.zonaroja.com.mx\/?p=40190"},"modified":"2022-04-20T06:59:45","modified_gmt":"2022-04-20T11:59:45","slug":"hallan-hornos-de-cal-en-la-zona-arqueologica-de-monte-alban","status":"publish","type":"post","link":"https:\/\/zonaroja.com.mx\/?p=40190","title":{"rendered":"Hallan hornos de cal en la zona arqueol\u00f3gica de Monte Alb\u00e1n"},"content":{"rendered":"\n<p>Redacci\u00f3n\/Zona Roja Cdmx. Foto: Imagen ilustrativa<\/p>\n\n\n\n<p>Ciudad de M\u00e9xico, 20 de abril de 2022.- Investigadores del Servicio Arqueomagn\u00e9tico Nacional (SAN) de la&nbsp;UNAM&nbsp; y del INAH descubrieron dos hornos de cal en la zona arqueol\u00f3gica de Monte Alb\u00e1n, Oaxaca.<\/p>\n\n\n\n<p>De acuerdo con los expertos, se trata de un elemento clave que representar\u00eda una pieza fundamental para completar el mapa hist\u00f3rico de dicho sitio arqueol\u00f3gico.<\/p>\n\n\n\n<p>Avto Goguitcghaichvili, titular del SAN, y Nelly Robles, del Centro INAH Oaxaca, detallaron que, si bien este tipo de artefactos han sido documentados ampliamente en el \u00e1rea maya (M\u00e9rida y zonas aleda\u00f1as), es la primera ocasi\u00f3n que se encuentran en la regi\u00f3n zapoteca.<\/p>\n\n\n\n<p>Esto reflejar\u00eda el uso y la apropiaci\u00f3n de una tecnolog\u00eda esencial para erigir una ciudad, explicaron.<\/p>\n\n\n\n<p>El hallazgo de hornos de cal en Monte Alb\u00e1n es importante, ya que no se hab\u00edan registrado en investigaciones previas y se vinculan con la tecnolog\u00eda de la construcci\u00f3n en Mesoam\u00e9rica, definiendo los materiales empleados por los zapotecos que habitaron el sitio\u201d, asever\u00f3 Goguitcghaichvili.<\/p>\n\n\n\n<p>El primer horno fue datado entre los a\u00f1os 1076 y 1321 d.C., mientras que el segundo se ubic\u00f3 entre el 713 y 883 d.C, coincidiendo con la \u00faltima \u00e9poca de edificaciones y el abandono de Monte Alb\u00e1n, informaron los expertos.<\/p>\n\n\n\n<p>En su momento de auge, Monte Alb\u00e1n tuvo 35 mil habitantes, quienes vivieron, en su mayor\u00eda, en las laderas terraceadas de la monta\u00f1a y se dedicaron a la agricultura.<\/p>\n\n\n\n<p>(Informaci\u00f3n del diario \u00abExc\u00e9lsior\u00bb)<\/p>\n","protected":false},"excerpt":{"rendered":"<p>Redacci\u00f3n\/Zona Roja Cdmx. Foto: Imagen ilustrativa Ciudad de M\u00e9xico, 20 de abril de 2022.- Investigadores&hellip;<\/p>\n","protected":false},"author":2,"featured_media":20455,"comment_status":"closed","ping_status":"open","sticky":false,"template":"","format":"standard","meta":{"_lmt_disableupdate":"","_lmt_disable":"","_jetpack_memberships_contains_paid_content":false,"footnotes":""},"categories":[109,46],"tags":[2247],"class_list":["post-40190","post","type-post","status-publish","format-standard","has-post-thumbnail","hentry","category-minuto-a-minuto","category-zona-blanca","tag-zona-arqueologica-de-monte-alban"],"jetpack_featured_media_url":"https:\/\/zonaroja.com.mx\/wp-content\/uploads\/2020\/11\/Monte-Alban.jpg","jetpack_sharing_enabled":true,"_links":{"self":[{"href":"https:\/\/zonaroja.com.mx\/index.php?rest_route=\/wp\/v2\/posts\/40190","targetHints":{"allow":["GET"]}}],"collection":[{"href":"https:\/\/zonaroja.com.mx\/index.php?rest_route=\/wp\/v2\/posts"}],"about":[{"href":"https:\/\/zonaroja.com.mx\/index.php?rest_route=\/wp\/v2\/types\/post"}],"author":[{"embeddable":true,"href":"https:\/\/zonaroja.com.mx\/index.php?rest_route=\/wp\/v2\/users\/2"}],"replies":[{"embeddable":true,"href":"https:\/\/zonaroja.com.mx\/index.php?rest_route=%2Fwp%2Fv2%2Fcomments&post=40190"}],"version-history":[{"count":2,"href":"https:\/\/zonaroja.com.mx\/index.php?rest_route=\/wp\/v2\/posts\/40190\/revisions"}],"predecessor-version":[{"id":40192,"href":"https:\/\/zonaroja.com.mx\/index.php?rest_route=\/wp\/v2\/posts\/40190\/revisions\/40192"}],"wp:featuredmedia":[{"embeddable":true,"href":"https:\/\/zonaroja.com.mx\/index.php?rest_route=\/wp\/v2\/media\/20455"}],"wp:attachment":[{"href":"https:\/\/zonaroja.com.mx\/index.php?rest_route=%2Fwp%2Fv2%2Fmedia&parent=40190"}],"wp:term":[{"taxonomy":"category","embeddable":true,"href":"https:\/\/zonaroja.com.mx\/index.php?rest_route=%2Fwp%2Fv2%2Fcategories&post=40190"},{"taxonomy":"post_tag","embeddable":true,"href":"https:\/\/zonaroja.com.mx\/index.php?rest_route=%2Fwp%2Fv2%2Ftags&post=40190"}],"curies":[{"name":"wp","href":"https:\/\/api.w.org\/{rel}","templated":true}]}}