{"id":40202,"date":"2022-04-20T16:19:05","date_gmt":"2022-04-20T21:19:05","guid":{"rendered":"https:\/\/www.zonaroja.com.mx\/?p=40202"},"modified":"2022-04-20T19:23:16","modified_gmt":"2022-04-21T00:23:16","slug":"matan-a-tres-mujeres-en-menos-de-24-horas-en-oaxaca-hoy-dos-en-ejutla","status":"publish","type":"post","link":"https:\/\/zonaroja.com.mx\/?p=40202","title":{"rendered":"Matan a tres mujeres en menos de 24 horas en Oaxaca; hoy dos en Ejutla"},"content":{"rendered":"\n<p>Redacci\u00f3n\/Zona Roja.<\/p>\n\n\n\n<p>Oaxaca de Ju\u00e1rez, Oax.- En menos de 24 horas, tres mujeres han sido asesinada a balazos en el estado de Oaxaca.&nbsp;<\/p>\n\n\n\n<p>Tras el hecho de ayer en el destino tur\u00edstico de Puerto Escondido, este mi\u00e9rcoles ocurrieron dos probables feminicidios, en Ejutla de Crespo, municipio de la regi\u00f3n Valles Centrales.&nbsp;<\/p>\n\n\n\n<p>Alrededor del mediod\u00eda, en el paraje \u201cLas Casitas\u201d, a la altura de la capilla de la \u201cSanta Muerte\u201d ultimaron a dos femeninas y una m\u00e1s result\u00f3 con lesiones.&nbsp;<\/p>\n\n\n\n<p>Las v\u00edctimas fueron identificadas de manera preliminar como Inocencia S. M., de 53 a\u00f1os de edad, y Agustina B. B., &nbsp;de 42 a\u00f1os, mientras que Anita T. D., de 30 a\u00f1os, result\u00f3 herida en el brazo por los impactos de bala.<\/p>\n\n\n\n<p>La Fiscal\u00eda General del Estado confirm\u00f3 que inici\u00f3 las indagatorias correspondientes bajo los protocolos de feminicidio.&nbsp;<\/p>\n\n\n\n<p>En tanto que la Secretar\u00eda de Seguridad P\u00fablica de Oaxaca detall\u00f3 que implant\u00f3 operativos de b\u00fasqueda en caminos y carreteras de Ejutla y localidades aleda\u00f1as. <\/p>\n","protected":false},"excerpt":{"rendered":"<p>Redacci\u00f3n\/Zona Roja. Oaxaca de Ju\u00e1rez, Oax.- En menos de 24 horas, tres mujeres han sido&hellip;<\/p>\n","protected":false},"author":2,"featured_media":40201,"comment_status":"closed","ping_status":"open","sticky":false,"template":"","format":"standard","meta":{"_lmt_disableupdate":"","_lmt_disable":"","_jetpack_memberships_contains_paid_content":false,"footnotes":""},"categories":[109,51],"tags":[702,610],"class_list":["post-40202","post","type-post","status-publish","format-standard","has-post-thumbnail","hentry","category-minuto-a-minuto","category-zona-roja","tag-ejutla-de-crespo","tag-feminicidios-oaxaca"],"jetpack_featured_media_url":"https:\/\/zonaroja.com.mx\/wp-content\/uploads\/2022\/04\/f82d9fb7-1008-479d-8901-b7b391b5775e.jpg","jetpack_sharing_enabled":true,"_links":{"self":[{"href":"https:\/\/zonaroja.com.mx\/index.php?rest_route=\/wp\/v2\/posts\/40202","targetHints":{"allow":["GET"]}}],"collection":[{"href":"https:\/\/zonaroja.com.mx\/index.php?rest_route=\/wp\/v2\/posts"}],"about":[{"href":"https:\/\/zonaroja.com.mx\/index.php?rest_route=\/wp\/v2\/types\/post"}],"author":[{"embeddable":true,"href":"https:\/\/zonaroja.com.mx\/index.php?rest_route=\/wp\/v2\/users\/2"}],"replies":[{"embeddable":true,"href":"https:\/\/zonaroja.com.mx\/index.php?rest_route=%2Fwp%2Fv2%2Fcomments&post=40202"}],"version-history":[{"count":1,"href":"https:\/\/zonaroja.com.mx\/index.php?rest_route=\/wp\/v2\/posts\/40202\/revisions"}],"predecessor-version":[{"id":40203,"href":"https:\/\/zonaroja.com.mx\/index.php?rest_route=\/wp\/v2\/posts\/40202\/revisions\/40203"}],"wp:featuredmedia":[{"embeddable":true,"href":"https:\/\/zonaroja.com.mx\/index.php?rest_route=\/wp\/v2\/media\/40201"}],"wp:attachment":[{"href":"https:\/\/zonaroja.com.mx\/index.php?rest_route=%2Fwp%2Fv2%2Fmedia&parent=40202"}],"wp:term":[{"taxonomy":"category","embeddable":true,"href":"https:\/\/zonaroja.com.mx\/index.php?rest_route=%2Fwp%2Fv2%2Fcategories&post=40202"},{"taxonomy":"post_tag","embeddable":true,"href":"https:\/\/zonaroja.com.mx\/index.php?rest_route=%2Fwp%2Fv2%2Ftags&post=40202"}],"curies":[{"name":"wp","href":"https:\/\/api.w.org\/{rel}","templated":true}]}}