{"id":40204,"date":"2022-04-20T19:14:54","date_gmt":"2022-04-21T00:14:54","guid":{"rendered":"http:\/\/www.zonaroja.com.mx\/?p=40204"},"modified":"2022-04-20T19:14:55","modified_gmt":"2022-04-21T00:14:55","slug":"asociacion-nacional-de-universidades-pide-elecciones-en-uabjo-sin-injerencias-externas","status":"publish","type":"post","link":"https:\/\/zonaroja.com.mx\/?p=40204","title":{"rendered":"Asociaci\u00f3n Nacional de Universidades pide elecciones en UABJO sin injerencias externas"},"content":{"rendered":"\n<p>Yuridiana Sosa\/Zona Roja.<\/p>\n\n\n\n<p>Oaxaca de Ju\u00e1rez, Oax., 20 de abril de 2022.- La Asociaci\u00f3n Nacional de Universidades e Instituciones de Educaci\u00f3n Superior de la Rep\u00fablica Mexicana (ANUIES) se pronunci\u00f3 sobre el proceso sucesorio de la Universidad Aut\u00f3noma \u201cBenito Ju\u00e1rez\u201d de Oaxaca (UABJO), en que demand\u00f3 elecciones con apego a sus facultades de autogobierno y sin injerencia de grupos ajenos.<\/p>\n\n\n\n<p>Esta semana, una fracci\u00f3n de la Comisi\u00f3n Electoral anunci\u00f3 la cancelaci\u00f3n del proceso de electoral interno para la renovaci\u00f3n de la rector\u00eda, programado para el 13 de mayo, debido a que el pasado 1 de abril supuestamente eligieron como rector, en sesi\u00f3n de dicho consejo, a Christian \u00c9der Carre\u00f1o como rector para el periodo 2022-2024.<\/p>\n\n\n\n<p>Sin embargo, Eduardo Bautista Mart\u00ednez, actual responsable de la instituci\u00f3n, junto con integrantes del Consejo Universitario, ha aclarado que \u00e9l sigue fungiendo como rector de la m\u00e1xima casa de estudios de Oaxaca, ante la ilegalidad en la que se realiz\u00f3 dicho proceso.<\/p>\n\n\n\n<p>Este mi\u00e9rcoles, la ANUIES fij\u00f3 su postura a trav\u00e9s de un comunicado en el que se\u00f1ala de forma puntual que \u201cse manifiesta favor de que el proceso de elecci\u00f3n del titular de la rector\u00eda de la UABJO se lleve a cabo el ejercicio pleno de su facultad de autogobierno, sin injerencias ni presiones a sus \u00f3rganos componentes, en un clima de di\u00e1logo constructivo de todos los miembros de esa casa de estudios, en las formas y t\u00e9rminos establecidos en su legislaci\u00f3n\u201d.<\/p>\n\n\n\n<p>Por medio de su Secretar\u00eda General Ejecutiva, la Asociaci\u00f3n Nacional destac\u00f3 que la estabilidad institucional es indispensable para permitir un mejor desarrollo de las funciones de docencia, investigaci\u00f3n, difusi\u00f3n y preservaci\u00f3n de la cultura en favor de la formaci\u00f3n acad\u00e9mica y profesional de los estudiantes.<\/p>\n\n\n\n<p>Es as\u00ed como este organismo acad\u00e9mico expres\u00f3 su confianza para que en el marco de la autonom\u00eda de la UABJO y a trav\u00e9s del di\u00e1logo, la pluralidad democr\u00e1tica y el derecho se puedan dirimir las diferencias de opini\u00f3n y se mantenga la continuidad de sus funciones acad\u00e9micas y administrativas en beneficio de su comunidad de la sociedad.<\/p>\n\n\n\n<figure class=\"wp-block-embed is-type-rich is-provider-twitter wp-block-embed-twitter\"><div class=\"wp-block-embed__wrapper\">\n<div class=\"twitter-tweet\"><blockquote class=\"twitter-tweet\" data-lang=\"es\"><p lang=\"es\" dir=\"ltr\">Comunicado del Consejo Nacional de la <a href=\"https:\/\/twitter.com\/ANUIES?ref_src=twsrc%5Etfw\">@ANUIES<\/a>, en relaci\u00f3n a la <a href=\"https:\/\/twitter.com\/UABJO?ref_src=twsrc%5Etfw\">@UABJO<\/a> <a href=\"https:\/\/t.co\/VH2TFxxSTP\">pic.twitter.com\/VH2TFxxSTP<\/a><\/p>&mdash; ANUIES (@ANUIES) <a href=\"https:\/\/twitter.com\/ANUIES\/status\/1516841548595732482?ref_src=twsrc%5Etfw\">20 de abril de 2022<\/a><\/blockquote><\/div>\n<\/div><\/figure>\n","protected":false},"excerpt":{"rendered":"<p>Yuridiana Sosa\/Zona Roja. Oaxaca de Ju\u00e1rez, Oax., 20 de abril de 2022.- La Asociaci\u00f3n Nacional&hellip;<\/p>\n","protected":false},"author":2,"featured_media":40205,"comment_status":"closed","ping_status":"open","sticky":false,"template":"","format":"standard","meta":{"_lmt_disableupdate":"","_lmt_disable":"","_jetpack_memberships_contains_paid_content":false,"footnotes":""},"categories":[109,47],"tags":[360],"class_list":["post-40204","post","type-post","status-publish","format-standard","has-post-thumbnail","hentry","category-minuto-a-minuto","category-zona-gris","tag-rector-eduardo-bautista-martinez"],"jetpack_featured_media_url":"https:\/\/zonaroja.com.mx\/wp-content\/uploads\/2022\/04\/Posicionamiento-ANUIES-elecciones-UABJO.jpg","jetpack_sharing_enabled":true,"_links":{"self":[{"href":"https:\/\/zonaroja.com.mx\/index.php?rest_route=\/wp\/v2\/posts\/40204","targetHints":{"allow":["GET"]}}],"collection":[{"href":"https:\/\/zonaroja.com.mx\/index.php?rest_route=\/wp\/v2\/posts"}],"about":[{"href":"https:\/\/zonaroja.com.mx\/index.php?rest_route=\/wp\/v2\/types\/post"}],"author":[{"embeddable":true,"href":"https:\/\/zonaroja.com.mx\/index.php?rest_route=\/wp\/v2\/users\/2"}],"replies":[{"embeddable":true,"href":"https:\/\/zonaroja.com.mx\/index.php?rest_route=%2Fwp%2Fv2%2Fcomments&post=40204"}],"version-history":[{"count":1,"href":"https:\/\/zonaroja.com.mx\/index.php?rest_route=\/wp\/v2\/posts\/40204\/revisions"}],"predecessor-version":[{"id":40206,"href":"https:\/\/zonaroja.com.mx\/index.php?rest_route=\/wp\/v2\/posts\/40204\/revisions\/40206"}],"wp:featuredmedia":[{"embeddable":true,"href":"https:\/\/zonaroja.com.mx\/index.php?rest_route=\/wp\/v2\/media\/40205"}],"wp:attachment":[{"href":"https:\/\/zonaroja.com.mx\/index.php?rest_route=%2Fwp%2Fv2%2Fmedia&parent=40204"}],"wp:term":[{"taxonomy":"category","embeddable":true,"href":"https:\/\/zonaroja.com.mx\/index.php?rest_route=%2Fwp%2Fv2%2Fcategories&post=40204"},{"taxonomy":"post_tag","embeddable":true,"href":"https:\/\/zonaroja.com.mx\/index.php?rest_route=%2Fwp%2Fv2%2Ftags&post=40204"}],"curies":[{"name":"wp","href":"https:\/\/api.w.org\/{rel}","templated":true}]}}