{"id":40207,"date":"2022-04-20T19:38:02","date_gmt":"2022-04-21T00:38:02","guid":{"rendered":"http:\/\/www.zonaroja.com.mx\/?p=40207"},"modified":"2022-04-20T19:38:04","modified_gmt":"2022-04-21T00:38:04","slug":"escucha-el-triple-a-a-miahuatecos-ofrece-ser-un-gobernador-del-pueblo","status":"publish","type":"post","link":"https:\/\/zonaroja.com.mx\/?p=40207","title":{"rendered":"Escucha el \u201cTriple A\u201d a miahuatecos; ofrece ser un gobernador del pueblo"},"content":{"rendered":"\n<p>Redacci\u00f3n\/Zona Roja.<\/p>\n\n\n\n<p>Oaxaca de Ju\u00e1rez, Oax., 20 de abril de 2022.- Como acostumbra en cada lugar que recorre, Alejandro Avil\u00e9s \u00c1lvarez se tom\u00f3 el tiempo para escuchar, platicar y abrazar a mujeres y hombres que lo saludaron y le demostraron su afecto, durante su llegada a esta comunidad llena de historia, cultura, riqueza gastron\u00f3mica y caracterizada por su gente de trabajo y esfuerzo.<\/p>\n\n\n\n<p>Fiel a su estilo, el \u201cTriple A\u201d convers\u00f3 con una multitud que se congreg\u00f3 en el auditorio municipal de Miahutl\u00e1n de Porfirio D\u00edaz, como si se tratara de su familia, con quienes habl\u00f3 claro y derecho, sin titubeos y de frente como lo hace cotidianamente.<\/p>\n\n\n\n<p>\u201cYo s\u00e9 que vamos a ganar, porque lo veo en sus ojos, cuando veo sus rostros, cuando los abrazo, siento su cari\u00f1o y su respaldo; por eso cada d\u00eda me convenzo de que tengo que hacer las cosas todo lo mejor por Oaxaca\u201d, subray\u00f3.<\/p>\n\n\n\n<p>Con la atenci\u00f3n de un p\u00fablico alegre y entusiasta, Avil\u00e9s, como tambi\u00e9n le dicen, explic\u00f3 que al visitar los 570 municipios de Oaxaca, conoce perfectamente las condiciones de las carreteras, de las escuelas, los centros de salud y las carencias de los m\u00e1s necesitados.<\/p>\n\n\n\n<p>\u201cLos campesinos necesitan apoyos para el campo, apoyos para semillas, fertilizantes; estamos trabajando muy fuerte para que a partir del primer d\u00eda de m\u00ed gobierno, los apoyos para el campo sean al triple\u201d, asever\u00f3.<\/p>\n\n\n\n<figure class=\"wp-block-embed is-type-rich is-provider-twitter wp-block-embed-twitter\"><div class=\"wp-block-embed__wrapper\">\n<div class=\"twitter-tweet\"><blockquote class=\"twitter-tweet\" data-lang=\"es\"><p lang=\"es\" dir=\"ltr\">En <a href=\"https:\/\/twitter.com\/hashtag\/Miahuatl%C3%A1n?src=hash&amp;ref_src=twsrc%5Etfw\">#Miahuatl\u00e1n<\/a> tenemos la victoria asegurada con el apoyo de las mujeres. Ellas son las luchadoras m\u00e1s fuertes de esta campa\u00f1a y ser\u00e1n la fuerza de mi gobierno. \u00a1Vamos <a href=\"https:\/\/twitter.com\/hashtag\/AlTriplePorOaxaca?src=hash&amp;ref_src=twsrc%5Etfw\">#AlTriplePorOaxaca<\/a> con paso firme y sin detenernos! <a href=\"https:\/\/t.co\/nIqggerd22\">pic.twitter.com\/nIqggerd22<\/a><\/p>&mdash; Alejandro Avil\u00e9s \u00c1lvarez (@_AvilesAlvarez) <a href=\"https:\/\/twitter.com\/_AvilesAlvarez\/status\/1516608819333324804?ref_src=twsrc%5Etfw\">20 de abril de 2022<\/a><\/blockquote><\/div>\n<\/div><\/figure>\n\n\n\n<p>Con su palabra de honor, el \u201cTriple A\u201d se comprometi\u00f3 con las ni\u00f1as y ni\u00f1os, los adultos mayores, las mujeres, los campesinos, las jefas de familia y los j\u00f3venes, por quienes trabajar\u00e1 para tengan mejores condiciones de vida.<\/p>\n\n\n\n<p>\u201cLos j\u00f3venes son el presente, por eso anunci\u00e9 el programa tu primer empleo que consiste en que todos los j\u00f3venes, que est\u00e9n en los \u00faltimos semestres y que acabaron su carrera, tendr\u00e1n su empleo de manera directa\u201d, destac\u00f3.<\/p>\n\n\n\n<p>\u201cSoy un luchador de los pueblos, soy un hombre del pueblo que vengo desde abajo; soy un hombre humilde y para m\u00ed lo m\u00e1s valioso que tiene el ser humano es la palabra, es el honor y no les voy a fallar\u201d, asegur\u00f3.<\/p>\n\n\n\n<p>Al finalizar este acto,&nbsp; el \u201cTriple A\u201d convivi\u00f3 con todos los asistentes que le manifestaron su respaldo en cada uno de los pueblos de Miahuatl\u00e1n, que votar\u00e1n por su proyecto el pr\u00f3ximo 5 de junio.<\/p>\n\n\n\n<p>&nbsp;\u201c\u00a1Avil\u00e9s gobernador! !!\u00a1Avil\u00e9s gobernador! \u201c\u00a1Avil\u00e9s gobernador!\u201d, se escuch\u00f3 al un\u00edsono en cada uno de los rincones del sal\u00f3n comunal.<\/p>\n","protected":false},"excerpt":{"rendered":"<p>Redacci\u00f3n\/Zona Roja. Oaxaca de Ju\u00e1rez, Oax., 20 de abril de 2022.- Como acostumbra en cada&hellip;<\/p>\n","protected":false},"author":2,"featured_media":40208,"comment_status":"closed","ping_status":"open","sticky":false,"template":"","format":"standard","meta":{"_lmt_disableupdate":"","_lmt_disable":"","_jetpack_memberships_contains_paid_content":false,"footnotes":""},"categories":[109,46],"tags":[316,2879],"class_list":["post-40207","post","type-post","status-publish","format-standard","has-post-thumbnail","hentry","category-minuto-a-minuto","category-zona-blanca","tag-alejandro-aviles-alvarez","tag-elecciones-oaxaca-2022"],"jetpack_featured_media_url":"https:\/\/zonaroja.com.mx\/wp-content\/uploads\/2022\/04\/Alejandro-Aviles-Miahuatlan.jpg","jetpack_sharing_enabled":true,"_links":{"self":[{"href":"https:\/\/zonaroja.com.mx\/index.php?rest_route=\/wp\/v2\/posts\/40207","targetHints":{"allow":["GET"]}}],"collection":[{"href":"https:\/\/zonaroja.com.mx\/index.php?rest_route=\/wp\/v2\/posts"}],"about":[{"href":"https:\/\/zonaroja.com.mx\/index.php?rest_route=\/wp\/v2\/types\/post"}],"author":[{"embeddable":true,"href":"https:\/\/zonaroja.com.mx\/index.php?rest_route=\/wp\/v2\/users\/2"}],"replies":[{"embeddable":true,"href":"https:\/\/zonaroja.com.mx\/index.php?rest_route=%2Fwp%2Fv2%2Fcomments&post=40207"}],"version-history":[{"count":1,"href":"https:\/\/zonaroja.com.mx\/index.php?rest_route=\/wp\/v2\/posts\/40207\/revisions"}],"predecessor-version":[{"id":40209,"href":"https:\/\/zonaroja.com.mx\/index.php?rest_route=\/wp\/v2\/posts\/40207\/revisions\/40209"}],"wp:featuredmedia":[{"embeddable":true,"href":"https:\/\/zonaroja.com.mx\/index.php?rest_route=\/wp\/v2\/media\/40208"}],"wp:attachment":[{"href":"https:\/\/zonaroja.com.mx\/index.php?rest_route=%2Fwp%2Fv2%2Fmedia&parent=40207"}],"wp:term":[{"taxonomy":"category","embeddable":true,"href":"https:\/\/zonaroja.com.mx\/index.php?rest_route=%2Fwp%2Fv2%2Fcategories&post=40207"},{"taxonomy":"post_tag","embeddable":true,"href":"https:\/\/zonaroja.com.mx\/index.php?rest_route=%2Fwp%2Fv2%2Ftags&post=40207"}],"curies":[{"name":"wp","href":"https:\/\/api.w.org\/{rel}","templated":true}]}}