{"id":40210,"date":"2022-04-20T21:08:22","date_gmt":"2022-04-21T02:08:22","guid":{"rendered":"http:\/\/www.zonaroja.com.mx\/?p=40210"},"modified":"2022-04-20T21:08:24","modified_gmt":"2022-04-21T02:08:24","slug":"hasta-pronto-felipe-sanchez-hasta-siempre-dan-ultimo-adios-al-decano-periodista","status":"publish","type":"post","link":"https:\/\/zonaroja.com.mx\/?p=40210","title":{"rendered":"\u00a1Hasta pronto Felipe S\u00e1nchez! \u00a1Hasta siempre!; dan \u00faltimo adi\u00f3s al decano periodista"},"content":{"rendered":"\n<p>Yuridiana Sosa\/Zona Roja.<\/p>\n\n\n\n<p>Oaxaca de Ju\u00e1rez, Oax., 20 de abril de 2022.- A temprana hora lleg\u00f3 el cuerpo a su casa, la casa del periodista oaxaque\u00f1o. Con su tradicional atuendo: pantal\u00f3n casual y saco.&nbsp;<\/p>\n\n\n\n<p>S\u00f3lo que en esta ocasi\u00f3n, Felipe S\u00e1nchez Jim\u00e9nez lleg\u00f3 para ser despedido por \u00faltima vez, por parte de sus colegas del gremio del cual es fundador, la Asociaci\u00f3n de Periodistas de Oaxaca, y el inmueble que tambi\u00e9n logr\u00f3 gestionar.<\/p>\n\n\n\n<p>Fue el \u00faltimo adi\u00f3s al decano del periodismo oaxaque\u00f1o. Reportero de \u201cExc\u00e9lsior\u201d, \u201cCarteles del Sur\u201d, \u201cEl Extra\u201d, \u201cEl Imparcial\u201d. Y autor por varias d\u00e9cadas de la le\u00edda columna \u201cEscaparate Pol\u00edtico\u201d.<\/p>\n\n\n\n<p>Dos d\u00edas antes, como balde de agua fr\u00eda, el gremio period\u00edstico de Oaxaca recibi\u00f3 la noticia de su fallecimiento. Su despedida fue emotiva, desde la prensa escrita a la que siempre perteneci\u00f3, en l\u00edneas digitales a la que tambi\u00e9n incursion\u00f3, hasta en su casa, \u201cla casa del periodista oaxaque\u00f1o\u201d.<\/p>\n\n\n\n<p>Felipe S\u00e1nchez Jim\u00e9nez, decano periodistas de Oaxaca, maestro de varias generaciones a trav\u00e9s de su trabajo diario, muri\u00f3 el lunes por complicaciones de salud, a los 75 a\u00f1os de edad.<\/p>\n\n\n\n<p>Aunque su fuerza, pasi\u00f3n y defensa f\u00e9rrea por la libertad de expresi\u00f3n y la prensa lo hicieron presenten en las recientes protestas contra las agresiones a los periodistas de M\u00e9xico, pero sobre todo por los de Oaxaca, en donde dej\u00f3 una huella imborrable, producto de m\u00e1s de medio siglo de trabajo.<\/p>\n\n\n\n<p>El cuerpo de \u201cJelipe\u201d \u201cJelip\u00f3n\u201d, como le dec\u00edan sus m\u00e1s allegados amigos, fue despidos desde la sede de la Asociaci\u00f3n de Periodistas de Oaxaca (APO), de la que fue uno de sus fundadores por la d\u00e9cada de 1970.<\/p>\n\n\n\n<p>BIENVENIDO COMPA\u00d1ERO<\/p>\n\n\n\n<p>\u201c\u00a1Bienvenido a casa compa\u00f1ero!\u201d se escuch\u00f3 en medio de un c\u00edrculo formado por comunicadores, de la vieja guardia y nuevas generaciones; de amigos y familiares. Despu\u00e9s, los aplausos rompieron con ese silencio que muchos guardaban para no romper en llanto.<\/p>\n\n\n\n<p>Periodistas, compa\u00f1eros de codo a codo de Felipe S\u00e1nchez, se volcaron en recuerdos, pero sobre todo en destacar su ardua labor en el oficio que aprendi\u00f3 de muy joven a la llegada a la capital desde su natal San Miguel Cajonos, en la Sierra Norte.<\/p>\n\n\n\n<p>El ata\u00fad pas\u00f3 a la sala principal de \u201cla casa del periodista\u201d, de la que una de sus \u00e1reas, o el recinto mismo, lleve su nombre. &nbsp;<\/p>\n\n\n\n<p>Los colegas rindieron a S\u00e1nchez Jim\u00e9nez un homenaje p\u00f3stumo de cuerpo presente, una foto suya a un costado del f\u00e9retro adornado con flores blancas y amarillas. Las l\u00e1grimas y aplausos no faltaron.<\/p>\n\n\n\n<figure class=\"wp-block-embed is-type-rich is-provider-twitter wp-block-embed-twitter\"><div class=\"wp-block-embed__wrapper\">\n<div class=\"twitter-tweet\"><blockquote class=\"twitter-tweet\" data-lang=\"es\"><p lang=\"es\" dir=\"ltr\">4. Con un minuto de aplausos y palabras de su hijo, culmin\u00f3 el homenaje al periodista Felipe S\u00e1nchez Jim\u00e9nez en la sede de la <a href=\"https:\/\/twitter.com\/APO_Oaxaca?ref_src=twsrc%5Etfw\">@APO_Oaxaca<\/a>.<br>El cuerpo fue acompa\u00f1ado y despedido al pante\u00f3n de San Mart\u00edn Mexic\u00e1pam, entre sones de una banda de m\u00fasica. <a href=\"https:\/\/t.co\/qPioAJS0lp\">pic.twitter.com\/qPioAJS0lp<\/a><\/p>&mdash; Zona Roja Oaxaca (@ZonaRoja_Oaxaca) <a href=\"https:\/\/twitter.com\/ZonaRoja_Oaxaca\/status\/1516928293873799171?ref_src=twsrc%5Etfw\">20 de abril de 2022<\/a><\/blockquote><\/div>\n<\/div><\/figure>\n\n\n\n<p>Carlos Cervantes, compa\u00f1ero de Felipe, record\u00f3 que su amigo se entren\u00f3 como reportero en el diario \u201cC\u00e1rteles del Sur\u201d, pero su inquietud en la vida lo llev\u00f3 a enlistarse al Ej\u00e9rcito Mexicano para despu\u00e9s volver a lo que ser\u00eda su verdadera pasi\u00f3n.<\/p>\n\n\n\n<p>Tambi\u00e9n colabor\u00f3 en el peri\u00f3dico \u201cPanorama oaxaque\u00f1o\u201d, pero fue en el diario \u201cEl Imparcial\u201d donde encontr\u00f3 su nido por medio de la columna cr\u00edtica \u201cEscaparate pol\u00edtico\u201d, en el que sus escritos tuvieron publicaci\u00f3n hasta este martes.<\/p>\n\n\n\n<p>LAUREADO PERIODISTA<\/p>\n\n\n\n<p>Carlos Cervantes destac\u00f3 la preocupaci\u00f3n de S\u00e1nchez Jim\u00e9nez por las nuevas generaciones, por el estallido de las redes sociales, sin embargo, sus experiencias, ense\u00f1anzas, dejaron huella en algunos nuevos periodistas para un periodismo responsable y \u00e9tico.<\/p>\n\n\n\n<p>Felipe S\u00e1nchez obtuvo dos Premio Estatal de Periodismo y un premio M\u00e9xico de Periodismo de la Federaci\u00f3n de Asociaciones de Periodistas de M\u00e9xico, entre otros reconocimientos.<\/p>\n\n\n\n<p>El ejercicio cr\u00edtico de Felipe S\u00e1nchez, destacaron sus compa\u00f1eros, fue tan impecable, documentado e inteligente que gan\u00f3 amistades y el respeto de enemigos que jam\u00e1s le faltaron.<\/p>\n\n\n\n<p>Una foto suya, colgada en una de las paredes de la sede, ser\u00e1 la forma f\u00edsica de recordarlo, pero sobre todo, \u201cJelipe\u201d permanecer\u00e1 en su casa por medio de su legado.<\/p>\n\n\n\n<p>Sentidas palabras, por parte de integrantes del gremio, de los de su \u00e9poca y de los actuales. Presentes, don Leandro Hern\u00e1ndez, Javier Hern\u00e1ndez C\u00f3rdova, Willy L\u00f3pez Torres, Rigoberto L\u00f3pez Alc\u00e1ntara, Juan P\u00e9rez Audelo, Yuri S\u00e1nchez Islas, Eleazar Jim\u00e9nez, entre muchos otros, adem\u00e1s de la dirigencia de la APO, que encabezan Alejandro L\u00f3pez y Andr\u00e9s Rodr\u00edguez Ortiz.<\/p>\n\n\n\n<p>\u00a1Hasta pronto Felipe! \u00a1Hasta luego amigo!, los gritos, con un minuto de aplausos, para luego trasladar el cuerpo del periodista al pante\u00f3n de San Mart\u00edn Mexic\u00e1pam, en la capital oaxaque\u00f1a.<\/p>\n\n\n\n<figure class=\"wp-block-embed is-type-rich is-provider-twitter wp-block-embed-twitter\"><div class=\"wp-block-embed__wrapper\">\n<div class=\"twitter-tweet\"><blockquote class=\"twitter-tweet\" data-lang=\"es\"><p lang=\"es\" dir=\"ltr\"><a href=\"https:\/\/twitter.com\/hashtag\/ENVIVO?src=hash&amp;ref_src=twsrc%5Etfw\">#ENVIVO<\/a><br>Oaxaca de Ju\u00e1rez, Oax., 20 de abril de 2022.- La Asociaci\u00f3n de Periodistas de Oaxaca (<a href=\"https:\/\/twitter.com\/APO_Oaxaca?ref_src=twsrc%5Etfw\">@APO_Oaxaca<\/a>) rinde un homenaje p\u00f3stumo a uno de sus fundadores, Felipe S\u00e1nchez Jim\u00e9nez.<br>Aqu\u00ed la transmisi\u00f3n:<br>\ud83d\udc47<a href=\"https:\/\/t.co\/Y1SYD5uBgW\">https:\/\/t.co\/Y1SYD5uBgW<\/a> <a href=\"https:\/\/t.co\/UsNBOb2umT\">pic.twitter.com\/UsNBOb2umT<\/a><\/p>&mdash; Zona Roja Oaxaca (@ZonaRoja_Oaxaca) <a href=\"https:\/\/twitter.com\/ZonaRoja_Oaxaca\/status\/1516781489370935299?ref_src=twsrc%5Etfw\">20 de abril de 2022<\/a><\/blockquote><\/div>\n<\/div><\/figure>\n","protected":false},"excerpt":{"rendered":"<p>Yuridiana Sosa\/Zona Roja. Oaxaca de Ju\u00e1rez, Oax., 20 de abril de 2022.- A temprana hora&hellip;<\/p>\n","protected":false},"author":2,"featured_media":40211,"comment_status":"closed","ping_status":"open","sticky":false,"template":"","format":"standard","meta":{"_lmt_disableupdate":"","_lmt_disable":"","_jetpack_memberships_contains_paid_content":false,"footnotes":""},"categories":[109,46],"tags":[3113],"class_list":["post-40210","post","type-post","status-publish","format-standard","has-post-thumbnail","hentry","category-minuto-a-minuto","category-zona-blanca","tag-felipe-sanchez-jimenez"],"jetpack_featured_media_url":"https:\/\/zonaroja.com.mx\/wp-content\/uploads\/2022\/04\/Homenaje-Felipe-Sanchez-APO.jpg","jetpack_sharing_enabled":true,"_links":{"self":[{"href":"https:\/\/zonaroja.com.mx\/index.php?rest_route=\/wp\/v2\/posts\/40210","targetHints":{"allow":["GET"]}}],"collection":[{"href":"https:\/\/zonaroja.com.mx\/index.php?rest_route=\/wp\/v2\/posts"}],"about":[{"href":"https:\/\/zonaroja.com.mx\/index.php?rest_route=\/wp\/v2\/types\/post"}],"author":[{"embeddable":true,"href":"https:\/\/zonaroja.com.mx\/index.php?rest_route=\/wp\/v2\/users\/2"}],"replies":[{"embeddable":true,"href":"https:\/\/zonaroja.com.mx\/index.php?rest_route=%2Fwp%2Fv2%2Fcomments&post=40210"}],"version-history":[{"count":1,"href":"https:\/\/zonaroja.com.mx\/index.php?rest_route=\/wp\/v2\/posts\/40210\/revisions"}],"predecessor-version":[{"id":40212,"href":"https:\/\/zonaroja.com.mx\/index.php?rest_route=\/wp\/v2\/posts\/40210\/revisions\/40212"}],"wp:featuredmedia":[{"embeddable":true,"href":"https:\/\/zonaroja.com.mx\/index.php?rest_route=\/wp\/v2\/media\/40211"}],"wp:attachment":[{"href":"https:\/\/zonaroja.com.mx\/index.php?rest_route=%2Fwp%2Fv2%2Fmedia&parent=40210"}],"wp:term":[{"taxonomy":"category","embeddable":true,"href":"https:\/\/zonaroja.com.mx\/index.php?rest_route=%2Fwp%2Fv2%2Fcategories&post=40210"},{"taxonomy":"post_tag","embeddable":true,"href":"https:\/\/zonaroja.com.mx\/index.php?rest_route=%2Fwp%2Fv2%2Ftags&post=40210"}],"curies":[{"name":"wp","href":"https:\/\/api.w.org\/{rel}","templated":true}]}}