{"id":40213,"date":"2022-04-20T21:36:53","date_gmt":"2022-04-21T02:36:53","guid":{"rendered":"http:\/\/www.zonaroja.com.mx\/?p=40213"},"modified":"2022-04-20T21:36:56","modified_gmt":"2022-04-21T02:36:56","slug":"no-mas-visiones-asistencialistas-para-las-mujeres-oaxaquenas-salomon-jara","status":"publish","type":"post","link":"https:\/\/zonaroja.com.mx\/?p=40213","title":{"rendered":"No m\u00e1s visiones asistencialistas para las mujeres oaxaque\u00f1as: Salom\u00f3n Jara"},"content":{"rendered":"\n<p>Redacci\u00f3n\/Zona Roja.<\/p>\n\n\n\n<p>Oaxaca de Ju\u00e1rez, Oax., 20 de abril de 2022.- Las mujeres oaxaque\u00f1as ya no quieren ser objeto de visiones asistencialistas y paternalistas.<\/p>\n\n\n\n<p>Est\u00e1n cansadas de las propuestas demag\u00f3gicas y su principal demanda es caminar por las calles, ir a trabajar o estudiar con seguridad, sin importar la hora ni c\u00f3mo vistan.<\/p>\n\n\n\n<p>Lo que exigen es vivir sin miedo y estamos comprometidos a garantizarle a las ni\u00f1as, adolescentes y mujeres oaxaque\u00f1as una vida libre de violencia, asegur\u00f3 Salom\u00f3n Jara Cruz, abanderado de la Coalici\u00f3n \u201cJuntos Hacemos Historia\u201d en Oaxaca.<\/p>\n\n\n\n<p>Durante su visita al municipio de San Pedro Huilotepec dijo que el Plan de Gobierno para la transformaci\u00f3n de Oaxaca, que present\u00f3 al inicio de su campa\u00f1a, desmonta la visi\u00f3n patriarcal y machista con la que los gobiernos priistas relegaron los derechos de las ni\u00f1as y las mujeres.&nbsp;<\/p>\n\n\n\n<p>Se\u00f1al\u00f3 que si la violencia de g\u00e9nero contra las mujeres ha llegado a un nivel extremo en Oaxaca, se debe a la ineficiencia de la Fiscal\u00eda General del Estado para investigar, a la falta de sensibilidad en el Gobierno Estatal para dise\u00f1ar y aplicar pol\u00edticas p\u00fablicas de prevenci\u00f3n, \u201cpero, lo m\u00e1s doloroso e indignante para las v\u00edctimas y sus familias, es la complicidad que las autoridades estatales mantienen con los agresores\u201d, precis\u00f3.<\/p>\n\n\n\n<p>Las mujeres no son objetos que deban ser priorizados por los hombres, afirm\u00f3, porque las mujeres son protagonistas y el gobierno de Morena es la \u00fanica opci\u00f3n para que influyan realmente en las pol\u00edticas p\u00fablicas y accedan a espacios de poder que ayuden a transformar la realidad de las ni\u00f1as y mujeres en las ocho regiones del estado.<\/p>\n\n\n\n<figure class=\"wp-block-embed is-type-rich is-provider-twitter wp-block-embed-twitter\"><div class=\"wp-block-embed__wrapper\">\n<div class=\"twitter-tweet\"><blockquote class=\"twitter-tweet\" data-lang=\"es\"><p lang=\"es\" dir=\"ltr\">Gracias por el respaldo y el compromiso de nuestra gente en San Pedro Huamelula, donde celebramos con alegr\u00eda que ya falta poco para que comience la <a href=\"https:\/\/twitter.com\/hashtag\/PrimaveraOaxaque%C3%B1a?src=hash&amp;ref_src=twsrc%5Etfw\">#PrimaveraOaxaque\u00f1a<\/a>. Sus palabras de aliento nos motivan a seguir trabajando por <a href=\"https:\/\/twitter.com\/hashtag\/Oaxaca?src=hash&amp;ref_src=twsrc%5Etfw\">#Oaxaca<\/a>.<a href=\"https:\/\/twitter.com\/hashtag\/PrimaveraOaxaque%C3%B1a?src=hash&amp;ref_src=twsrc%5Etfw\">#PrimaveraOaxaque\u00f1a<\/a> <a href=\"https:\/\/t.co\/l8APWjZvWm\">pic.twitter.com\/l8APWjZvWm<\/a><\/p>&mdash; Salom\u00f3n Jara Cruz (@salomonj) <a href=\"https:\/\/twitter.com\/salomonj\/status\/1516858225269919744?ref_src=twsrc%5Etfw\">20 de abril de 2022<\/a><\/blockquote><\/div>\n<\/div><\/figure>\n\n\n\n<p>Jara Cruz reafirm\u00f3 su compromiso para que el primer gobierno de la Cuarta Transformaci\u00f3n en Oaxaca sea paritario, con la participaci\u00f3n de mujeres capaces, comprometidas y honestas, en \u00e1reas estrat\u00e9gicas y con capacidad de decisi\u00f3n.<\/p>\n\n\n\n<p>\u201cTenemos propuestas con perspectiva de g\u00e9nero en cada uno de los 5 ejes tem\u00e1ticos en los que hemos dividido nuestra propuesta de gobierno, por ejemplo, impulsaremos acciones coordinadas con todas las instancias de gobierno en materia de seguridad, procuraci\u00f3n y administraci\u00f3n de justicia para transformar a Oaxaca en un lugar libre de violencias\u201d, detall\u00f3.&nbsp;<\/p>\n\n\n\n<p>Adem\u00e1s, continu\u00f3, promoveremos la creaci\u00f3n de instancias que proporcionen atenci\u00f3n especializada para mujeres v\u00edctimas de violencias y sus hijas e hijos.<\/p>\n\n\n\n<p>\u201cEstableceremos la l\u00ednea violeta de atenci\u00f3n inmediata y especializada para mujeres v\u00edctimas de violencia con n\u00famero telef\u00f3nico de emergencia gratuito\u201d, a\u00f1adi\u00f3.&nbsp;<\/p>\n\n\n\n<p>Indic\u00f3 que, en la estrategia integral de prevenci\u00f3n y atenci\u00f3n de delitos contra las mujeres, se contempla la implementaci\u00f3n de planes y programas educativos para la prevenci\u00f3n de la violencia contra las mujeres, y profesionalizaremos los cuerpos de seguridad en materia de derechos humanos y perspectiva de g\u00e9nero para brindar atenci\u00f3n especializada en casos de violencia de g\u00e9nero.<\/p>\n\n\n\n<p>Finalmente, el candidato de la Coalici\u00f3n \u201cjuntos Hacemos Historia\u201d, Salom\u00f3n Jara Cruz, afirm\u00f3 que sus propuestas en materia de g\u00e9nero no son un punto de llegada sino un punto de partida, un piso m\u00ednimo desde donde empezar y que se ir\u00e1 ampliando, \u201ces una invitaci\u00f3n a construir un cambio real, a consolidar una transformaci\u00f3n con y para las mujeres, porque su participaci\u00f3n es fundamental para construir un futuro mejor\u201d.<\/p>\n","protected":false},"excerpt":{"rendered":"<p>Redacci\u00f3n\/Zona Roja. Oaxaca de Ju\u00e1rez, Oax., 20 de abril de 2022.- Las mujeres oaxaque\u00f1as ya&hellip;<\/p>\n","protected":false},"author":2,"featured_media":40214,"comment_status":"closed","ping_status":"open","sticky":false,"template":"","format":"standard","meta":{"_lmt_disableupdate":"","_lmt_disable":"","_jetpack_memberships_contains_paid_content":false,"footnotes":""},"categories":[109,46],"tags":[2879,939],"class_list":["post-40213","post","type-post","status-publish","format-standard","has-post-thumbnail","hentry","category-minuto-a-minuto","category-zona-blanca","tag-elecciones-oaxaca-2022","tag-salomon-jara-cruz"],"jetpack_featured_media_url":"https:\/\/zonaroja.com.mx\/wp-content\/uploads\/2022\/04\/Salomon-Jara-gira-Istmo.jpg","jetpack_sharing_enabled":true,"_links":{"self":[{"href":"https:\/\/zonaroja.com.mx\/index.php?rest_route=\/wp\/v2\/posts\/40213","targetHints":{"allow":["GET"]}}],"collection":[{"href":"https:\/\/zonaroja.com.mx\/index.php?rest_route=\/wp\/v2\/posts"}],"about":[{"href":"https:\/\/zonaroja.com.mx\/index.php?rest_route=\/wp\/v2\/types\/post"}],"author":[{"embeddable":true,"href":"https:\/\/zonaroja.com.mx\/index.php?rest_route=\/wp\/v2\/users\/2"}],"replies":[{"embeddable":true,"href":"https:\/\/zonaroja.com.mx\/index.php?rest_route=%2Fwp%2Fv2%2Fcomments&post=40213"}],"version-history":[{"count":1,"href":"https:\/\/zonaroja.com.mx\/index.php?rest_route=\/wp\/v2\/posts\/40213\/revisions"}],"predecessor-version":[{"id":40215,"href":"https:\/\/zonaroja.com.mx\/index.php?rest_route=\/wp\/v2\/posts\/40213\/revisions\/40215"}],"wp:featuredmedia":[{"embeddable":true,"href":"https:\/\/zonaroja.com.mx\/index.php?rest_route=\/wp\/v2\/media\/40214"}],"wp:attachment":[{"href":"https:\/\/zonaroja.com.mx\/index.php?rest_route=%2Fwp%2Fv2%2Fmedia&parent=40213"}],"wp:term":[{"taxonomy":"category","embeddable":true,"href":"https:\/\/zonaroja.com.mx\/index.php?rest_route=%2Fwp%2Fv2%2Fcategories&post=40213"},{"taxonomy":"post_tag","embeddable":true,"href":"https:\/\/zonaroja.com.mx\/index.php?rest_route=%2Fwp%2Fv2%2Ftags&post=40213"}],"curies":[{"name":"wp","href":"https:\/\/api.w.org\/{rel}","templated":true}]}}